{"id":491,"date":"2005-03-15T12:45:34","date_gmt":"2005-03-15T12:45:34","guid":{"rendered":"http:\/\/www.reitverein-roehlingen.de\/html\/wordpress\/?p=491"},"modified":"2012-07-09T07:48:21","modified_gmt":"2012-07-09T07:48:21","slug":"jahreshauptversammlung-reit-und-fahrverein-rohlingen-e-v","status":"publish","type":"post","link":"https:\/\/www.reitverein-roehlingen.de\/html\/wordpress\/?p=491","title":{"rendered":"Jahreshauptversammlung Reit- und Fahrverein R\u00f6hlingen e.V."},"content":{"rendered":"Am vergangenen Freitag fand die diesj\u00e4hrige Jahreshauptversammlung des Reit- und Fahrvereins R\u00f6hlingen e.V. statt. Besonders begr\u00fc\u00dft wurden das Ehrenmitglied Otto B\u00fchler, der Vorsitzende des PSK Ostalb, Wolfgang Walter und der Ortsvorsteher Gerhard Aldinger.\r\n\r\nBei der Totenehrung wurde des verstorbenen Mitgliedes Josef Betzler, dem \"Sattler\" gedacht.\r\nDer erste Vorsitzende Josef Uhl wies in seinem Rechenschaftsbericht unter anderem auf steigende Mitgliederzahlen und eine steigende Zahl der <a href=\"https:\/\/www.reitverein-roehlingen.de\/html\/wordpress\/?p=491\" class=\"more-link\"> [...]  Weiterlesen<\/a>","protected":false},"excerpt":{"rendered":"<p>Am vergangenen Freitag fand die diesj\u00e4hrige Jahreshauptversammlung des Reit- und Fahrvereins R\u00f6hlingen e.V. statt. Besonders begr\u00fc\u00dft wurden das Ehrenmitglied Otto B\u00fchler, der Vorsitzende des PSK Ostalb, Wolfgang Walter und der Ortsvorsteher Gerhard Aldinger. Bei der Totenehrung wurde des verstorbenen Mitgliedes &hellip; <a href=\"https:\/\/www.reitverein-roehlingen.de\/html\/wordpress\/?p=491\">Weiterlesen <span class=\"meta-nav\">&rarr;<\/span><\/a><\/p>\n","protected":false},"author":2,"featured_media":0,"comment_status":"closed","ping_status":"closed","sticky":false,"template":"","format":"standard","meta":{"footnotes":""},"categories":[19,8],"tags":[],"class_list":["post-491","post","type-post","status-publish","format-standard","hentry","category-chronik","category-vereins-historie"],"_links":{"self":[{"href":"https:\/\/www.reitverein-roehlingen.de\/html\/wordpress\/index.php?rest_route=\/wp\/v2\/posts\/491","targetHints":{"allow":["GET"]}}],"collection":[{"href":"https:\/\/www.reitverein-roehlingen.de\/html\/wordpress\/index.php?rest_route=\/wp\/v2\/posts"}],"about":[{"href":"https:\/\/www.reitverein-roehlingen.de\/html\/wordpress\/index.php?rest_route=\/wp\/v2\/types\/post"}],"author":[{"embeddable":true,"href":"https:\/\/www.reitverein-roehlingen.de\/html\/wordpress\/index.php?rest_route=\/wp\/v2\/users\/2"}],"replies":[{"embeddable":true,"href":"https:\/\/www.reitverein-roehlingen.de\/html\/wordpress\/index.php?rest_route=%2Fwp%2Fv2%2Fcomments&post=491"}],"version-history":[{"count":4,"href":"https:\/\/www.reitverein-roehlingen.de\/html\/wordpress\/index.php?rest_route=\/wp\/v2\/posts\/491\/revisions"}],"predecessor-version":[{"id":493,"href":"https:\/\/www.reitverein-roehlingen.de\/html\/wordpress\/index.php?rest_route=\/wp\/v2\/posts\/491\/revisions\/493"}],"wp:attachment":[{"href":"https:\/\/www.reitverein-roehlingen.de\/html\/wordpress\/index.php?rest_route=%2Fwp%2Fv2%2Fmedia&parent=491"}],"wp:term":[{"taxonomy":"category","embeddable":true,"href":"https:\/\/www.reitverein-roehlingen.de\/html\/wordpress\/index.php?rest_route=%2Fwp%2Fv2%2Fcategories&post=491"},{"taxonomy":"post_tag","embeddable":true,"href":"https:\/\/www.reitverein-roehlingen.de\/html\/wordpress\/index.php?rest_route=%2Fwp%2Fv2%2Ftags&post=491"}],"curies":[{"name":"wp","href":"https:\/\/api.w.org\/{rel}","templated":true}]}}