{"id":498,"date":"2005-12-12T12:57:51","date_gmt":"2005-12-12T12:57:51","guid":{"rendered":"http:\/\/www.reitverein-roehlingen.de\/html\/wordpress\/?p=498"},"modified":"2014-08-12T15:29:54","modified_gmt":"2014-08-12T15:29:54","slug":"nikolausreiten-beim-reit-und-fahrverein-rohlingen","status":"publish","type":"post","link":"https:\/\/www.reitverein-roehlingen.de\/html\/wordpress\/?p=498","title":{"rendered":"Nikolausreiten beim Reit- und Fahrverein R\u00f6hlingen"},"content":{"rendered":"Am 3. Advent hielt der Reit- und Fahrverein R\u00f6hlingen sein diesj\u00e4hriges Nikolausreiten ab.\r\nVor zahlreichem Publikum trotz eisiger K\u00e4lte wurde ein sehr abwechslungsreiches Progamm geboten. Durch das Programm f\u00fchrte die 1. Vorsitzende Ute Ladenburger.\r\nEr\u00f6ffnet wurde das Programm von den erfahrenen Voltigierern des Vereins. Als Engel und Teufel gekleidet zeigten Ines Lechner, Larissa G\u00f6sele, Sina G\u00f6sele, Carmen G\u00f6sele, Leonie Uhl und Fabienne Uhl ihr K\u00f6nnen in sehr anspruchsvollen Lektionen <a href=\"https:\/\/www.reitverein-roehlingen.de\/html\/wordpress\/?p=498\" class=\"more-link\"> [...]  Weiterlesen<\/a>","protected":false},"excerpt":{"rendered":"<p>Am 3. Advent hielt der Reit- und Fahrverein R\u00f6hlingen sein diesj\u00e4hriges Nikolausreiten ab. Vor zahlreichem Publikum trotz eisiger K\u00e4lte wurde ein sehr abwechslungsreiches Progamm geboten. Durch das Programm f\u00fchrte die 1. Vorsitzende Ute Ladenburger. Er\u00f6ffnet wurde das Programm von den &hellip; <a href=\"https:\/\/www.reitverein-roehlingen.de\/html\/wordpress\/?p=498\">Weiterlesen <span class=\"meta-nav\">&rarr;<\/span><\/a><\/p>\n","protected":false},"author":2,"featured_media":0,"comment_status":"closed","ping_status":"closed","sticky":false,"template":"","format":"standard","meta":{"footnotes":""},"categories":[19,35,8],"tags":[],"class_list":["post-498","post","type-post","status-publish","format-standard","hentry","category-chronik","category-jugend","category-vereins-historie"],"_links":{"self":[{"href":"https:\/\/www.reitverein-roehlingen.de\/html\/wordpress\/index.php?rest_route=\/wp\/v2\/posts\/498","targetHints":{"allow":["GET"]}}],"collection":[{"href":"https:\/\/www.reitverein-roehlingen.de\/html\/wordpress\/index.php?rest_route=\/wp\/v2\/posts"}],"about":[{"href":"https:\/\/www.reitverein-roehlingen.de\/html\/wordpress\/index.php?rest_route=\/wp\/v2\/types\/post"}],"author":[{"embeddable":true,"href":"https:\/\/www.reitverein-roehlingen.de\/html\/wordpress\/index.php?rest_route=\/wp\/v2\/users\/2"}],"replies":[{"embeddable":true,"href":"https:\/\/www.reitverein-roehlingen.de\/html\/wordpress\/index.php?rest_route=%2Fwp%2Fv2%2Fcomments&post=498"}],"version-history":[{"count":6,"href":"https:\/\/www.reitverein-roehlingen.de\/html\/wordpress\/index.php?rest_route=\/wp\/v2\/posts\/498\/revisions"}],"predecessor-version":[{"id":6646,"href":"https:\/\/www.reitverein-roehlingen.de\/html\/wordpress\/index.php?rest_route=\/wp\/v2\/posts\/498\/revisions\/6646"}],"wp:attachment":[{"href":"https:\/\/www.reitverein-roehlingen.de\/html\/wordpress\/index.php?rest_route=%2Fwp%2Fv2%2Fmedia&parent=498"}],"wp:term":[{"taxonomy":"category","embeddable":true,"href":"https:\/\/www.reitverein-roehlingen.de\/html\/wordpress\/index.php?rest_route=%2Fwp%2Fv2%2Fcategories&post=498"},{"taxonomy":"post_tag","embeddable":true,"href":"https:\/\/www.reitverein-roehlingen.de\/html\/wordpress\/index.php?rest_route=%2Fwp%2Fv2%2Ftags&post=498"}],"curies":[{"name":"wp","href":"https:\/\/api.w.org\/{rel}","templated":true}]}}