{"id":500,"date":"2006-03-11T13:01:18","date_gmt":"2006-03-11T13:01:18","guid":{"rendered":"http:\/\/www.reitverein-roehlingen.de\/html\/wordpress\/?p=500"},"modified":"2012-07-09T07:35:35","modified_gmt":"2012-07-09T07:35:35","slug":"jahreshauptversammlung-reit-und-fahrverein-rohlingen","status":"publish","type":"post","link":"https:\/\/www.reitverein-roehlingen.de\/html\/wordpress\/?p=500","title":{"rendered":"Jahreshauptversammlung Reit- und Fahrverein R\u00f6hlingen"},"content":{"rendered":"Am Freitag, 10. M\u00e4rz fand die diesj\u00e4hrige Jahreshauptversammlung des Reit- und Fahrvereins R\u00f6hlingen statt. Die erste Vorsitzende Ute Ladenburger konnte auf ein sehr ereignisreiches und erfolgreiches vergangenes Jahr zur\u00fcckblicken.\r\nSowohl reiterlich als auch nicht reiterlich wurde im Verein sehr viel geboten. Zu den reiterlichen Aktivit\u00e4ten z\u00e4hlten unter anderem Vereinsausritte, ein Jugendturnier, die Kreismeisterschaften in M\u00f6gglingen, die Reiterralley des PSK Ostalb in R\u00f6hlingen, die Beteiligung <a href=\"https:\/\/www.reitverein-roehlingen.de\/html\/wordpress\/?p=500\" class=\"more-link\"> [...]  Weiterlesen<\/a>","protected":false},"excerpt":{"rendered":"<p>Am Freitag, 10. M\u00e4rz fand die diesj\u00e4hrige Jahreshauptversammlung des Reit- und Fahrvereins R\u00f6hlingen statt. Die erste Vorsitzende Ute Ladenburger konnte auf ein sehr ereignisreiches und erfolgreiches vergangenes Jahr zur\u00fcckblicken. Sowohl reiterlich als auch nicht reiterlich wurde im Verein sehr viel &hellip; <a href=\"https:\/\/www.reitverein-roehlingen.de\/html\/wordpress\/?p=500\">Weiterlesen <span class=\"meta-nav\">&rarr;<\/span><\/a><\/p>\n","protected":false},"author":2,"featured_media":0,"comment_status":"closed","ping_status":"closed","sticky":false,"template":"","format":"standard","meta":{"footnotes":""},"categories":[19,8],"tags":[],"class_list":["post-500","post","type-post","status-publish","format-standard","hentry","category-chronik","category-vereins-historie"],"_links":{"self":[{"href":"https:\/\/www.reitverein-roehlingen.de\/html\/wordpress\/index.php?rest_route=\/wp\/v2\/posts\/500","targetHints":{"allow":["GET"]}}],"collection":[{"href":"https:\/\/www.reitverein-roehlingen.de\/html\/wordpress\/index.php?rest_route=\/wp\/v2\/posts"}],"about":[{"href":"https:\/\/www.reitverein-roehlingen.de\/html\/wordpress\/index.php?rest_route=\/wp\/v2\/types\/post"}],"author":[{"embeddable":true,"href":"https:\/\/www.reitverein-roehlingen.de\/html\/wordpress\/index.php?rest_route=\/wp\/v2\/users\/2"}],"replies":[{"embeddable":true,"href":"https:\/\/www.reitverein-roehlingen.de\/html\/wordpress\/index.php?rest_route=%2Fwp%2Fv2%2Fcomments&post=500"}],"version-history":[{"count":4,"href":"https:\/\/www.reitverein-roehlingen.de\/html\/wordpress\/index.php?rest_route=\/wp\/v2\/posts\/500\/revisions"}],"predecessor-version":[{"id":1947,"href":"https:\/\/www.reitverein-roehlingen.de\/html\/wordpress\/index.php?rest_route=\/wp\/v2\/posts\/500\/revisions\/1947"}],"wp:attachment":[{"href":"https:\/\/www.reitverein-roehlingen.de\/html\/wordpress\/index.php?rest_route=%2Fwp%2Fv2%2Fmedia&parent=500"}],"wp:term":[{"taxonomy":"category","embeddable":true,"href":"https:\/\/www.reitverein-roehlingen.de\/html\/wordpress\/index.php?rest_route=%2Fwp%2Fv2%2Fcategories&post=500"},{"taxonomy":"post_tag","embeddable":true,"href":"https:\/\/www.reitverein-roehlingen.de\/html\/wordpress\/index.php?rest_route=%2Fwp%2Fv2%2Ftags&post=500"}],"curies":[{"name":"wp","href":"https:\/\/api.w.org\/{rel}","templated":true}]}}