{"id":513,"date":"2006-12-31T13:17:03","date_gmt":"2006-12-31T13:17:03","guid":{"rendered":"http:\/\/www.reitverein-roehlingen.de\/html\/wordpress\/?p=513"},"modified":"2013-01-30T19:38:43","modified_gmt":"2013-01-30T19:38:43","slug":"ruckblick-auf-ein-sehr-erfolgreiches-jahr","status":"publish","type":"post","link":"https:\/\/www.reitverein-roehlingen.de\/html\/wordpress\/?p=513","title":{"rendered":"R\u00fcckblick auf ein sehr erfolgreiches Jahr"},"content":{"rendered":"P\u00fcnktlich zum Jahresende fand auch dieses Jahr die Jahresabschlu\u00dffeier des Reit- und Fahrvereins\u00a0R\u00f6hlingen statt. Die 1. Vorsitzende Ute Ladenburger konnte auf ein sehr erfolgreiches Jahr zur\u00fcckblicken. Ein besonderes Highlight waren sicherlich die Kreismeisterschaften, die dieses Jahr erstmals in R\u00f6hlingen stattfanden.\r\n\r\nAber auch sonst war sehr viel los im Verein.\r\nDer Verein schickt seinen \"\u00e4lteren\" Mitgliedern ab 70\u00a0Jahren zu den runden Geburtstagen immer eine Standartenabordnung, um <a href=\"https:\/\/www.reitverein-roehlingen.de\/html\/wordpress\/?p=513\" class=\"more-link\"> [...]  Weiterlesen<\/a>","protected":false},"excerpt":{"rendered":"<p>P\u00fcnktlich zum Jahresende fand auch dieses Jahr die Jahresabschlu\u00dffeier des Reit- und Fahrvereins\u00a0R\u00f6hlingen statt. Die 1. Vorsitzende Ute Ladenburger konnte auf ein sehr erfolgreiches Jahr zur\u00fcckblicken. Ein besonderes Highlight waren sicherlich die Kreismeisterschaften, die dieses Jahr erstmals in R\u00f6hlingen stattfanden. &hellip; <a href=\"https:\/\/www.reitverein-roehlingen.de\/html\/wordpress\/?p=513\">Weiterlesen <span class=\"meta-nav\">&rarr;<\/span><\/a><\/p>\n","protected":false},"author":2,"featured_media":0,"comment_status":"closed","ping_status":"closed","sticky":false,"template":"","format":"standard","meta":{"footnotes":""},"categories":[19,8],"tags":[],"class_list":["post-513","post","type-post","status-publish","format-standard","hentry","category-chronik","category-vereins-historie"],"_links":{"self":[{"href":"https:\/\/www.reitverein-roehlingen.de\/html\/wordpress\/index.php?rest_route=\/wp\/v2\/posts\/513","targetHints":{"allow":["GET"]}}],"collection":[{"href":"https:\/\/www.reitverein-roehlingen.de\/html\/wordpress\/index.php?rest_route=\/wp\/v2\/posts"}],"about":[{"href":"https:\/\/www.reitverein-roehlingen.de\/html\/wordpress\/index.php?rest_route=\/wp\/v2\/types\/post"}],"author":[{"embeddable":true,"href":"https:\/\/www.reitverein-roehlingen.de\/html\/wordpress\/index.php?rest_route=\/wp\/v2\/users\/2"}],"replies":[{"embeddable":true,"href":"https:\/\/www.reitverein-roehlingen.de\/html\/wordpress\/index.php?rest_route=%2Fwp%2Fv2%2Fcomments&post=513"}],"version-history":[{"count":5,"href":"https:\/\/www.reitverein-roehlingen.de\/html\/wordpress\/index.php?rest_route=\/wp\/v2\/posts\/513\/revisions"}],"predecessor-version":[{"id":3554,"href":"https:\/\/www.reitverein-roehlingen.de\/html\/wordpress\/index.php?rest_route=\/wp\/v2\/posts\/513\/revisions\/3554"}],"wp:attachment":[{"href":"https:\/\/www.reitverein-roehlingen.de\/html\/wordpress\/index.php?rest_route=%2Fwp%2Fv2%2Fmedia&parent=513"}],"wp:term":[{"taxonomy":"category","embeddable":true,"href":"https:\/\/www.reitverein-roehlingen.de\/html\/wordpress\/index.php?rest_route=%2Fwp%2Fv2%2Fcategories&post=513"},{"taxonomy":"post_tag","embeddable":true,"href":"https:\/\/www.reitverein-roehlingen.de\/html\/wordpress\/index.php?rest_route=%2Fwp%2Fv2%2Ftags&post=513"}],"curies":[{"name":"wp","href":"https:\/\/api.w.org\/{rel}","templated":true}]}}