{"id":515,"date":"2007-03-03T13:19:08","date_gmt":"2007-03-03T13:19:08","guid":{"rendered":"http:\/\/www.reitverein-roehlingen.de\/html\/wordpress\/?p=515"},"modified":"2013-01-31T10:18:28","modified_gmt":"2013-01-31T10:18:28","slug":"jahreshauptversammlung-reit-und-fahrverein-rohlingen-2","status":"publish","type":"post","link":"https:\/\/www.reitverein-roehlingen.de\/html\/wordpress\/?p=515","title":{"rendered":"Jahreshauptversammlung Reit- und Fahrverein R\u00f6hlingen"},"content":{"rendered":"Am Freitag, 02.03. fand die Jahreshauptversammlung 2007 des Reit- und Fahrvereins R\u00f6hlingen e.V. statt. Zur Er\u00f6ffnung zog die 1. Vorsitzende Ute Ladenburger ein sehr positives Res\u00fcme auf das vergangene Jahr.\r\n\r\nDie Mitglieder des Vereins waren sehr aktiv bei vielen Veranstaltungen vertreten, sowohl bei Umritten, den Pferdetagen und Turnieren, als auch bei den vielen Geburtstagsritten, die zu Ehren der Mitglieder mit Standartenabordnungen besucht wurden.\r\n\r\nEin besonderes Highlight im vergangenen <a href=\"https:\/\/www.reitverein-roehlingen.de\/html\/wordpress\/?p=515\" class=\"more-link\"> [...]  Weiterlesen<\/a>","protected":false},"excerpt":{"rendered":"<p>Am Freitag, 02.03. fand die Jahreshauptversammlung 2007 des Reit- und Fahrvereins R\u00f6hlingen e.V. statt. Zur Er\u00f6ffnung zog die 1. Vorsitzende Ute Ladenburger ein sehr positives Res\u00fcme auf das vergangene Jahr. Die Mitglieder des Vereins waren sehr aktiv bei vielen Veranstaltungen &hellip; <a href=\"https:\/\/www.reitverein-roehlingen.de\/html\/wordpress\/?p=515\">Weiterlesen <span class=\"meta-nav\">&rarr;<\/span><\/a><\/p>\n","protected":false},"author":2,"featured_media":0,"comment_status":"closed","ping_status":"closed","sticky":false,"template":"","format":"standard","meta":{"footnotes":""},"categories":[19,8],"tags":[],"class_list":["post-515","post","type-post","status-publish","format-standard","hentry","category-chronik","category-vereins-historie"],"_links":{"self":[{"href":"https:\/\/www.reitverein-roehlingen.de\/html\/wordpress\/index.php?rest_route=\/wp\/v2\/posts\/515","targetHints":{"allow":["GET"]}}],"collection":[{"href":"https:\/\/www.reitverein-roehlingen.de\/html\/wordpress\/index.php?rest_route=\/wp\/v2\/posts"}],"about":[{"href":"https:\/\/www.reitverein-roehlingen.de\/html\/wordpress\/index.php?rest_route=\/wp\/v2\/types\/post"}],"author":[{"embeddable":true,"href":"https:\/\/www.reitverein-roehlingen.de\/html\/wordpress\/index.php?rest_route=\/wp\/v2\/users\/2"}],"replies":[{"embeddable":true,"href":"https:\/\/www.reitverein-roehlingen.de\/html\/wordpress\/index.php?rest_route=%2Fwp%2Fv2%2Fcomments&post=515"}],"version-history":[{"count":4,"href":"https:\/\/www.reitverein-roehlingen.de\/html\/wordpress\/index.php?rest_route=\/wp\/v2\/posts\/515\/revisions"}],"predecessor-version":[{"id":3560,"href":"https:\/\/www.reitverein-roehlingen.de\/html\/wordpress\/index.php?rest_route=\/wp\/v2\/posts\/515\/revisions\/3560"}],"wp:attachment":[{"href":"https:\/\/www.reitverein-roehlingen.de\/html\/wordpress\/index.php?rest_route=%2Fwp%2Fv2%2Fmedia&parent=515"}],"wp:term":[{"taxonomy":"category","embeddable":true,"href":"https:\/\/www.reitverein-roehlingen.de\/html\/wordpress\/index.php?rest_route=%2Fwp%2Fv2%2Fcategories&post=515"},{"taxonomy":"post_tag","embeddable":true,"href":"https:\/\/www.reitverein-roehlingen.de\/html\/wordpress\/index.php?rest_route=%2Fwp%2Fv2%2Ftags&post=515"}],"curies":[{"name":"wp","href":"https:\/\/api.w.org\/{rel}","templated":true}]}}