{"id":533,"date":"2007-12-30T13:42:34","date_gmt":"2007-12-30T13:42:34","guid":{"rendered":"http:\/\/www.reitverein-roehlingen.de\/html\/wordpress\/?p=533"},"modified":"2013-01-31T13:00:56","modified_gmt":"2013-01-31T13:00:56","slug":"jahresabschlussfeier-in-rohlingen","status":"publish","type":"post","link":"https:\/\/www.reitverein-roehlingen.de\/html\/wordpress\/?p=533","title":{"rendered":"Jahresabschlussfeier in R\u00f6hlingen"},"content":{"rendered":"Der Reit- und Fahrverein R\u00f6hlingen lud am Wochenende zu seiner diesj\u00e4hrigen Jahresabschlu\u00dffeier ein. Der erste Vorsitzende, Helmut Epacher, freute sich, seine Mitglieder dieses Jahr in R\u00f6hlingen begr\u00fc\u00dfen zu d\u00fcrfen, da der Verein mangels geeigneter R\u00e4ume bisher immer auf die Umgebung, hier Neunheim und Pfahlheim, ausweichen mu\u00dfte. In diesem Jahr haben die R\u00f6hlinger Sechtanarren (R\u00f6sena) ihre neue Halle, die M\u00fchlbachhalle in R\u00f6hlingen, f\u00fcr diese Veranstaltung zur Verf\u00fcgung gestellt.\r\n\r\nHelmut <a href=\"https:\/\/www.reitverein-roehlingen.de\/html\/wordpress\/?p=533\" class=\"more-link\"> [...]  Weiterlesen<\/a>","protected":false},"excerpt":{"rendered":"<p>Der Reit- und Fahrverein R\u00f6hlingen lud am Wochenende zu seiner diesj\u00e4hrigen Jahresabschlu\u00dffeier ein. Der erste Vorsitzende, Helmut Epacher, freute sich, seine Mitglieder dieses Jahr in R\u00f6hlingen begr\u00fc\u00dfen zu d\u00fcrfen, da der Verein mangels geeigneter R\u00e4ume bisher immer auf die Umgebung, &hellip; <a href=\"https:\/\/www.reitverein-roehlingen.de\/html\/wordpress\/?p=533\">Weiterlesen <span class=\"meta-nav\">&rarr;<\/span><\/a><\/p>\n","protected":false},"author":2,"featured_media":0,"comment_status":"closed","ping_status":"closed","sticky":false,"template":"","format":"standard","meta":{"footnotes":""},"categories":[19,8],"tags":[],"class_list":["post-533","post","type-post","status-publish","format-standard","hentry","category-chronik","category-vereins-historie"],"_links":{"self":[{"href":"https:\/\/www.reitverein-roehlingen.de\/html\/wordpress\/index.php?rest_route=\/wp\/v2\/posts\/533","targetHints":{"allow":["GET"]}}],"collection":[{"href":"https:\/\/www.reitverein-roehlingen.de\/html\/wordpress\/index.php?rest_route=\/wp\/v2\/posts"}],"about":[{"href":"https:\/\/www.reitverein-roehlingen.de\/html\/wordpress\/index.php?rest_route=\/wp\/v2\/types\/post"}],"author":[{"embeddable":true,"href":"https:\/\/www.reitverein-roehlingen.de\/html\/wordpress\/index.php?rest_route=\/wp\/v2\/users\/2"}],"replies":[{"embeddable":true,"href":"https:\/\/www.reitverein-roehlingen.de\/html\/wordpress\/index.php?rest_route=%2Fwp%2Fv2%2Fcomments&post=533"}],"version-history":[{"count":4,"href":"https:\/\/www.reitverein-roehlingen.de\/html\/wordpress\/index.php?rest_route=\/wp\/v2\/posts\/533\/revisions"}],"predecessor-version":[{"id":3571,"href":"https:\/\/www.reitverein-roehlingen.de\/html\/wordpress\/index.php?rest_route=\/wp\/v2\/posts\/533\/revisions\/3571"}],"wp:attachment":[{"href":"https:\/\/www.reitverein-roehlingen.de\/html\/wordpress\/index.php?rest_route=%2Fwp%2Fv2%2Fmedia&parent=533"}],"wp:term":[{"taxonomy":"category","embeddable":true,"href":"https:\/\/www.reitverein-roehlingen.de\/html\/wordpress\/index.php?rest_route=%2Fwp%2Fv2%2Fcategories&post=533"},{"taxonomy":"post_tag","embeddable":true,"href":"https:\/\/www.reitverein-roehlingen.de\/html\/wordpress\/index.php?rest_route=%2Fwp%2Fv2%2Ftags&post=533"}],"curies":[{"name":"wp","href":"https:\/\/api.w.org\/{rel}","templated":true}]}}