{"id":5563,"date":"2014-01-14T20:18:50","date_gmt":"2014-01-14T20:18:50","guid":{"rendered":"http:\/\/www.reitverein-roehlingen.de\/html\/wordpress\/?p=5563"},"modified":"2014-06-28T15:50:16","modified_gmt":"2014-06-28T15:50:16","slug":"kalter-markt-in-ellwangen-2","status":"publish","type":"post","link":"https:\/\/www.reitverein-roehlingen.de\/html\/wordpress\/?p=5563","title":{"rendered":"Kalter Markt in Ellwangen"},"content":{"rendered":"Am 13. Januar war in Ellwangen wieder Kalter Markt. Zum traditionellen Reiterumzug durch die Stadt war auch der R\u00f6hlinger Reitverein wieder mit vielen Reitern vertreten. Urspr\u00fcnglich waren es nur 16 Reiter, dann kam Bruno Schmid aus Heuchlingen als Nummer 17 dazu. Vom Reitstall Konle waren 23 Reiter gekommen, die bei den R\u00f6hlinger Reitern mitritten. Kurz vor Ende der Aufstellpl\u00e4tze stie\u00df Herbert Walter aus Lippach mit zwei Reiterinnen zu uns. Au\u00dferdem verst\u00e4rkten zwei Kutschen unsere Reihen. <a href=\"https:\/\/www.reitverein-roehlingen.de\/html\/wordpress\/?p=5563\" class=\"more-link\"> [...]  Weiterlesen<\/a>","protected":false},"excerpt":{"rendered":"<p>Am 13. Januar war in Ellwangen wieder Kalter Markt. Zum traditionellen Reiterumzug durch die Stadt war auch der R\u00f6hlinger Reitverein wieder mit vielen Reitern vertreten. Urspr\u00fcnglich waren es nur 16 Reiter, dann kam Bruno Schmid aus Heuchlingen als Nummer 17 &hellip; <a href=\"https:\/\/www.reitverein-roehlingen.de\/html\/wordpress\/?p=5563\">Weiterlesen <span class=\"meta-nav\">&rarr;<\/span><\/a><\/p>\n","protected":false},"author":2,"featured_media":0,"comment_status":"closed","ping_status":"closed","sticky":false,"template":"","format":"standard","meta":{"footnotes":""},"categories":[19,8],"tags":[],"class_list":["post-5563","post","type-post","status-publish","format-standard","hentry","category-chronik","category-vereins-historie"],"_links":{"self":[{"href":"https:\/\/www.reitverein-roehlingen.de\/html\/wordpress\/index.php?rest_route=\/wp\/v2\/posts\/5563","targetHints":{"allow":["GET"]}}],"collection":[{"href":"https:\/\/www.reitverein-roehlingen.de\/html\/wordpress\/index.php?rest_route=\/wp\/v2\/posts"}],"about":[{"href":"https:\/\/www.reitverein-roehlingen.de\/html\/wordpress\/index.php?rest_route=\/wp\/v2\/types\/post"}],"author":[{"embeddable":true,"href":"https:\/\/www.reitverein-roehlingen.de\/html\/wordpress\/index.php?rest_route=\/wp\/v2\/users\/2"}],"replies":[{"embeddable":true,"href":"https:\/\/www.reitverein-roehlingen.de\/html\/wordpress\/index.php?rest_route=%2Fwp%2Fv2%2Fcomments&post=5563"}],"version-history":[{"count":3,"href":"https:\/\/www.reitverein-roehlingen.de\/html\/wordpress\/index.php?rest_route=\/wp\/v2\/posts\/5563\/revisions"}],"predecessor-version":[{"id":5604,"href":"https:\/\/www.reitverein-roehlingen.de\/html\/wordpress\/index.php?rest_route=\/wp\/v2\/posts\/5563\/revisions\/5604"}],"wp:attachment":[{"href":"https:\/\/www.reitverein-roehlingen.de\/html\/wordpress\/index.php?rest_route=%2Fwp%2Fv2%2Fmedia&parent=5563"}],"wp:term":[{"taxonomy":"category","embeddable":true,"href":"https:\/\/www.reitverein-roehlingen.de\/html\/wordpress\/index.php?rest_route=%2Fwp%2Fv2%2Fcategories&post=5563"},{"taxonomy":"post_tag","embeddable":true,"href":"https:\/\/www.reitverein-roehlingen.de\/html\/wordpress\/index.php?rest_route=%2Fwp%2Fv2%2Ftags&post=5563"}],"curies":[{"name":"wp","href":"https:\/\/api.w.org\/{rel}","templated":true}]}}