{"id":5587,"date":"2014-01-13T20:25:39","date_gmt":"2014-01-13T20:25:39","guid":{"rendered":"http:\/\/www.reitverein-roehlingen.de\/html\/wordpress\/?p=5587"},"modified":"2014-06-28T15:52:27","modified_gmt":"2014-06-28T15:52:27","slug":"wir-feiern-den-kalten-markt","status":"publish","type":"post","link":"https:\/\/www.reitverein-roehlingen.de\/html\/wordpress\/?p=5587","title":{"rendered":"Wir feiern den Kalten Markt&#8230;"},"content":{"rendered":"Am 13. Januar, nach dem Umzug am Kalten Markt, trafen sich die Reiter im Reiterst\u00fcbchen. Hildegard B\u00fchler hatte f\u00fcr die Bewirtung gesorgt. Es gab die traditionellen Kalte-Markt-Kutteln mit Bratkartoffeln oder Brot, aber auch Bratw\u00fcrste mit Kartoffeln oder Kartoffelsalat oder auch Wurstsalat. Es fanden sich einige Reiter ein, die den Umzug im Reiterst\u00fcbchen gem\u00fctlich ausklingen lie\u00dfen....\r\n\r\n\r\n\r\n\r\n\r\n <a href=\"https:\/\/www.reitverein-roehlingen.de\/html\/wordpress\/?p=5587\" class=\"more-link\"> [...]  Weiterlesen<\/a>","protected":false},"excerpt":{"rendered":"<p>Am 13. Januar, nach dem Umzug am Kalten Markt, trafen sich die Reiter im Reiterst\u00fcbchen. Hildegard B\u00fchler hatte f\u00fcr die Bewirtung gesorgt. Es gab die traditionellen Kalte-Markt-Kutteln mit Bratkartoffeln oder Brot, aber auch Bratw\u00fcrste mit Kartoffeln oder Kartoffelsalat oder auch &hellip; <a href=\"https:\/\/www.reitverein-roehlingen.de\/html\/wordpress\/?p=5587\">Weiterlesen <span class=\"meta-nav\">&rarr;<\/span><\/a><\/p>\n","protected":false},"author":2,"featured_media":0,"comment_status":"closed","ping_status":"closed","sticky":false,"template":"","format":"standard","meta":{"footnotes":""},"categories":[19,8],"tags":[],"class_list":["post-5587","post","type-post","status-publish","format-standard","hentry","category-chronik","category-vereins-historie"],"_links":{"self":[{"href":"https:\/\/www.reitverein-roehlingen.de\/html\/wordpress\/index.php?rest_route=\/wp\/v2\/posts\/5587","targetHints":{"allow":["GET"]}}],"collection":[{"href":"https:\/\/www.reitverein-roehlingen.de\/html\/wordpress\/index.php?rest_route=\/wp\/v2\/posts"}],"about":[{"href":"https:\/\/www.reitverein-roehlingen.de\/html\/wordpress\/index.php?rest_route=\/wp\/v2\/types\/post"}],"author":[{"embeddable":true,"href":"https:\/\/www.reitverein-roehlingen.de\/html\/wordpress\/index.php?rest_route=\/wp\/v2\/users\/2"}],"replies":[{"embeddable":true,"href":"https:\/\/www.reitverein-roehlingen.de\/html\/wordpress\/index.php?rest_route=%2Fwp%2Fv2%2Fcomments&post=5587"}],"version-history":[{"count":1,"href":"https:\/\/www.reitverein-roehlingen.de\/html\/wordpress\/index.php?rest_route=\/wp\/v2\/posts\/5587\/revisions"}],"predecessor-version":[{"id":5588,"href":"https:\/\/www.reitverein-roehlingen.de\/html\/wordpress\/index.php?rest_route=\/wp\/v2\/posts\/5587\/revisions\/5588"}],"wp:attachment":[{"href":"https:\/\/www.reitverein-roehlingen.de\/html\/wordpress\/index.php?rest_route=%2Fwp%2Fv2%2Fmedia&parent=5587"}],"wp:term":[{"taxonomy":"category","embeddable":true,"href":"https:\/\/www.reitverein-roehlingen.de\/html\/wordpress\/index.php?rest_route=%2Fwp%2Fv2%2Fcategories&post=5587"},{"taxonomy":"post_tag","embeddable":true,"href":"https:\/\/www.reitverein-roehlingen.de\/html\/wordpress\/index.php?rest_route=%2Fwp%2Fv2%2Ftags&post=5587"}],"curies":[{"name":"wp","href":"https:\/\/api.w.org\/{rel}","templated":true}]}}