{"id":5618,"date":"2014-11-22T09:39:22","date_gmt":"2014-11-22T09:39:22","guid":{"rendered":"http:\/\/www.reitverein-roehlingen.de\/html\/wordpress\/?p=5618"},"modified":"2014-11-23T18:07:06","modified_gmt":"2014-11-23T18:07:06","slug":"was-war-2014-noch-los","status":"publish","type":"post","link":"https:\/\/www.reitverein-roehlingen.de\/html\/wordpress\/?p=5618","title":{"rendered":"was war 2014 noch los&#8230;."},"content":{"rendered":"Das Jahr 2014 beginnt mit dem Fasching. Bei der Guggenparty der R\u00f6hling Stones am 25. Januar hatte die erste Garde einen Auftritt. Zu dieser Garde geh\u00f6ren auch Reiterinnen... Larissa G\u00f6sele und Loreen Epacher waren Teil der neunk\u00f6pfigen Gardetruppe, die das Publikum begeisterte...\r\n\r\n\r\n\r\n\r\n\r\nAuch beim Aufstellen des Narrenbaums am 14. Februar waren unsere Vereinsmitglieder zu finden. Beispielsweise beim Wilden Heer Inga Maierh\u00f6fer und ihre Familie, beim Elferrat Familie Abele usw. Den schwersten <a href=\"https:\/\/www.reitverein-roehlingen.de\/html\/wordpress\/?p=5618\" class=\"more-link\"> [...]  Weiterlesen<\/a>","protected":false},"excerpt":{"rendered":"<p>Das Jahr 2014 beginnt mit dem Fasching. Bei der Guggenparty der R\u00f6hling Stones am 25. Januar hatte die erste Garde einen Auftritt. Zu dieser Garde geh\u00f6ren auch Reiterinnen&#8230; Larissa G\u00f6sele und Loreen Epacher waren Teil der neunk\u00f6pfigen Gardetruppe, die das &hellip; <a href=\"https:\/\/www.reitverein-roehlingen.de\/html\/wordpress\/?p=5618\">Weiterlesen <span class=\"meta-nav\">&rarr;<\/span><\/a><\/p>\n","protected":false},"author":2,"featured_media":0,"comment_status":"closed","ping_status":"closed","sticky":false,"template":"","format":"standard","meta":{"footnotes":""},"categories":[19,8],"tags":[],"class_list":["post-5618","post","type-post","status-publish","format-standard","hentry","category-chronik","category-vereins-historie"],"_links":{"self":[{"href":"https:\/\/www.reitverein-roehlingen.de\/html\/wordpress\/index.php?rest_route=\/wp\/v2\/posts\/5618","targetHints":{"allow":["GET"]}}],"collection":[{"href":"https:\/\/www.reitverein-roehlingen.de\/html\/wordpress\/index.php?rest_route=\/wp\/v2\/posts"}],"about":[{"href":"https:\/\/www.reitverein-roehlingen.de\/html\/wordpress\/index.php?rest_route=\/wp\/v2\/types\/post"}],"author":[{"embeddable":true,"href":"https:\/\/www.reitverein-roehlingen.de\/html\/wordpress\/index.php?rest_route=\/wp\/v2\/users\/2"}],"replies":[{"embeddable":true,"href":"https:\/\/www.reitverein-roehlingen.de\/html\/wordpress\/index.php?rest_route=%2Fwp%2Fv2%2Fcomments&post=5618"}],"version-history":[{"count":17,"href":"https:\/\/www.reitverein-roehlingen.de\/html\/wordpress\/index.php?rest_route=\/wp\/v2\/posts\/5618\/revisions"}],"predecessor-version":[{"id":7081,"href":"https:\/\/www.reitverein-roehlingen.de\/html\/wordpress\/index.php?rest_route=\/wp\/v2\/posts\/5618\/revisions\/7081"}],"wp:attachment":[{"href":"https:\/\/www.reitverein-roehlingen.de\/html\/wordpress\/index.php?rest_route=%2Fwp%2Fv2%2Fmedia&parent=5618"}],"wp:term":[{"taxonomy":"category","embeddable":true,"href":"https:\/\/www.reitverein-roehlingen.de\/html\/wordpress\/index.php?rest_route=%2Fwp%2Fv2%2Fcategories&post=5618"},{"taxonomy":"post_tag","embeddable":true,"href":"https:\/\/www.reitverein-roehlingen.de\/html\/wordpress\/index.php?rest_route=%2Fwp%2Fv2%2Ftags&post=5618"}],"curies":[{"name":"wp","href":"https:\/\/api.w.org\/{rel}","templated":true}]}}