{"id":5643,"date":"2014-02-09T14:41:16","date_gmt":"2014-02-09T14:41:16","guid":{"rendered":"http:\/\/www.reitverein-roehlingen.de\/html\/wordpress\/?p=5643"},"modified":"2014-06-28T15:50:29","modified_gmt":"2014-06-28T15:50:29","slug":"unsere-voltis-am-gaildorfer-pferdemarkt","status":"publish","type":"post","link":"https:\/\/www.reitverein-roehlingen.de\/html\/wordpress\/?p=5643","title":{"rendered":"Unsere Voltis am Gaildorfer Pferdemarkt"},"content":{"rendered":"Schon seit vielen Jahren sind unsere Voltigierer Teil der Showprogramms am Gaildorfer Pferdemarkt. Auch in diesem Jahr waren an dem Sonntag unsere Voltis in Gaildorf und haben ihre Holzpferdk\u00fcr, die man eher als Holzpferdshow bezeichnen kann, vorgef\u00fchrt. Diese Vorf\u00fchrung hatte schon am Kalten Markt gro\u00dfen Beifall erhalten. Auch in Gaildorf kam die Vorf\u00fchrung super an. Vor einem gro\u00dfen Publikum haben in Gaildorf voltigiert:\u00a0Rafaela Gschwender, Amelie Grundler, Larissa G\u00f6sele, Franziska Wei\u00df, <a href=\"https:\/\/www.reitverein-roehlingen.de\/html\/wordpress\/?p=5643\" class=\"more-link\"> [...]  Weiterlesen<\/a>","protected":false},"excerpt":{"rendered":"<p>Schon seit vielen Jahren sind unsere Voltigierer Teil der Showprogramms am Gaildorfer Pferdemarkt. Auch in diesem Jahr waren an dem Sonntag unsere Voltis in Gaildorf und haben ihre Holzpferdk\u00fcr, die man eher als Holzpferdshow bezeichnen kann, vorgef\u00fchrt. Diese Vorf\u00fchrung hatte &hellip; <a href=\"https:\/\/www.reitverein-roehlingen.de\/html\/wordpress\/?p=5643\">Weiterlesen <span class=\"meta-nav\">&rarr;<\/span><\/a><\/p>\n","protected":false},"author":2,"featured_media":0,"comment_status":"closed","ping_status":"closed","sticky":false,"template":"","format":"standard","meta":{"footnotes":""},"categories":[8,27],"tags":[],"class_list":["post-5643","post","type-post","status-publish","format-standard","hentry","category-vereins-historie","category-voltigieren"],"_links":{"self":[{"href":"https:\/\/www.reitverein-roehlingen.de\/html\/wordpress\/index.php?rest_route=\/wp\/v2\/posts\/5643","targetHints":{"allow":["GET"]}}],"collection":[{"href":"https:\/\/www.reitverein-roehlingen.de\/html\/wordpress\/index.php?rest_route=\/wp\/v2\/posts"}],"about":[{"href":"https:\/\/www.reitverein-roehlingen.de\/html\/wordpress\/index.php?rest_route=\/wp\/v2\/types\/post"}],"author":[{"embeddable":true,"href":"https:\/\/www.reitverein-roehlingen.de\/html\/wordpress\/index.php?rest_route=\/wp\/v2\/users\/2"}],"replies":[{"embeddable":true,"href":"https:\/\/www.reitverein-roehlingen.de\/html\/wordpress\/index.php?rest_route=%2Fwp%2Fv2%2Fcomments&post=5643"}],"version-history":[{"count":1,"href":"https:\/\/www.reitverein-roehlingen.de\/html\/wordpress\/index.php?rest_route=\/wp\/v2\/posts\/5643\/revisions"}],"predecessor-version":[{"id":5644,"href":"https:\/\/www.reitverein-roehlingen.de\/html\/wordpress\/index.php?rest_route=\/wp\/v2\/posts\/5643\/revisions\/5644"}],"wp:attachment":[{"href":"https:\/\/www.reitverein-roehlingen.de\/html\/wordpress\/index.php?rest_route=%2Fwp%2Fv2%2Fmedia&parent=5643"}],"wp:term":[{"taxonomy":"category","embeddable":true,"href":"https:\/\/www.reitverein-roehlingen.de\/html\/wordpress\/index.php?rest_route=%2Fwp%2Fv2%2Fcategories&post=5643"},{"taxonomy":"post_tag","embeddable":true,"href":"https:\/\/www.reitverein-roehlingen.de\/html\/wordpress\/index.php?rest_route=%2Fwp%2Fv2%2Ftags&post=5643"}],"curies":[{"name":"wp","href":"https:\/\/api.w.org\/{rel}","templated":true}]}}