{"id":5735,"date":"2014-03-22T06:47:42","date_gmt":"2014-03-22T06:47:42","guid":{"rendered":"http:\/\/www.reitverein-roehlingen.de\/html\/wordpress\/?p=5735"},"modified":"2014-06-28T15:52:56","modified_gmt":"2014-06-28T15:52:56","slug":"pm-bei-uns-in-roehlingen","status":"publish","type":"post","link":"https:\/\/www.reitverein-roehlingen.de\/html\/wordpress\/?p=5735","title":{"rendered":"PM bei uns in R\u00f6hlingen"},"content":{"rendered":"R\u00d6HLINGEN (db)- Am Freitag, 21. M\u00e4rz, fand in R\u00f6hlingen in der Reithalle ein besonderer Lehrgang statt. Die FN, die Deutsche Reiterliche Vereinigung, hielt eine PM-Regionalversammmlung mit einem Vortrag von Cord-Friedrich Wassmann ab.\r\nRund 50 Interessierte folgten dem Ruf der PM (PM sind Pers\u00f6nliche Mitglieder der FN) und kamen nach R\u00f6hlingen. Dr. Wilma Ubbens, die PM-Sprecherin von Baden-W\u00fcrttemberg, f\u00fchrte an, dass Baden-W\u00fcrttemberg der drittst\u00e4rkste Regionalverband der PM ist. Hauptbestandteil <a href=\"https:\/\/www.reitverein-roehlingen.de\/html\/wordpress\/?p=5735\" class=\"more-link\"> [...]  Weiterlesen<\/a>","protected":false},"excerpt":{"rendered":"<p>R\u00d6HLINGEN (db)- Am Freitag, 21. M\u00e4rz, fand in R\u00f6hlingen in der Reithalle ein besonderer Lehrgang statt. Die FN, die Deutsche Reiterliche Vereinigung, hielt eine PM-Regionalversammmlung mit einem Vortrag von Cord-Friedrich Wassmann ab. Rund 50 Interessierte folgten dem Ruf der PM &hellip; <a href=\"https:\/\/www.reitverein-roehlingen.de\/html\/wordpress\/?p=5735\">Weiterlesen <span class=\"meta-nav\">&rarr;<\/span><\/a><\/p>\n","protected":false},"author":2,"featured_media":0,"comment_status":"closed","ping_status":"closed","sticky":false,"template":"","format":"standard","meta":{"footnotes":""},"categories":[19,8],"tags":[],"class_list":["post-5735","post","type-post","status-publish","format-standard","hentry","category-chronik","category-vereins-historie"],"_links":{"self":[{"href":"https:\/\/www.reitverein-roehlingen.de\/html\/wordpress\/index.php?rest_route=\/wp\/v2\/posts\/5735","targetHints":{"allow":["GET"]}}],"collection":[{"href":"https:\/\/www.reitverein-roehlingen.de\/html\/wordpress\/index.php?rest_route=\/wp\/v2\/posts"}],"about":[{"href":"https:\/\/www.reitverein-roehlingen.de\/html\/wordpress\/index.php?rest_route=\/wp\/v2\/types\/post"}],"author":[{"embeddable":true,"href":"https:\/\/www.reitverein-roehlingen.de\/html\/wordpress\/index.php?rest_route=\/wp\/v2\/users\/2"}],"replies":[{"embeddable":true,"href":"https:\/\/www.reitverein-roehlingen.de\/html\/wordpress\/index.php?rest_route=%2Fwp%2Fv2%2Fcomments&post=5735"}],"version-history":[{"count":1,"href":"https:\/\/www.reitverein-roehlingen.de\/html\/wordpress\/index.php?rest_route=\/wp\/v2\/posts\/5735\/revisions"}],"predecessor-version":[{"id":5746,"href":"https:\/\/www.reitverein-roehlingen.de\/html\/wordpress\/index.php?rest_route=\/wp\/v2\/posts\/5735\/revisions\/5746"}],"wp:attachment":[{"href":"https:\/\/www.reitverein-roehlingen.de\/html\/wordpress\/index.php?rest_route=%2Fwp%2Fv2%2Fmedia&parent=5735"}],"wp:term":[{"taxonomy":"category","embeddable":true,"href":"https:\/\/www.reitverein-roehlingen.de\/html\/wordpress\/index.php?rest_route=%2Fwp%2Fv2%2Fcategories&post=5735"},{"taxonomy":"post_tag","embeddable":true,"href":"https:\/\/www.reitverein-roehlingen.de\/html\/wordpress\/index.php?rest_route=%2Fwp%2Fv2%2Ftags&post=5735"}],"curies":[{"name":"wp","href":"https:\/\/api.w.org\/{rel}","templated":true}]}}