{"id":5750,"date":"2014-11-23T06:07:23","date_gmt":"2014-11-23T06:07:23","guid":{"rendered":"http:\/\/www.reitverein-roehlingen.de\/html\/wordpress\/?p=5750"},"modified":"2014-11-24T11:12:55","modified_gmt":"2014-11-24T11:12:55","slug":"neues-vom-reitplatz","status":"publish","type":"post","link":"https:\/\/www.reitverein-roehlingen.de\/html\/wordpress\/?p=5750","title":{"rendered":"Neues vom Reitplatz"},"content":{"rendered":"Auch in diesem Jahr sind noch verschiedene Sachen am Reitplatz zu richten.\r\n\r\nDen Anfang der Arbeiten machen die Vorbereitungen f\u00fcr das Podest vor dem Container. Da vor dem Container ein Kabel der EnBW verlegt ist, wurden noch ein paar Leerrohre unter dem Boden verlegt, wo das Podest dar\u00fcber soll. Am 21. M\u00e4rz hat der Wirt von der M\u00fchle in Erpfental, der Peter, flei\u00dfig gebaggert. So sieht das Ergebnis aus:\r\n\r\n\r\n\r\n\r\n\r\n\r\n\r\nAm Freitag, 28. M\u00e4rz hat Georg G\u00f6sele den Graben nochmals gefestigt, und <a href=\"https:\/\/www.reitverein-roehlingen.de\/html\/wordpress\/?p=5750\" class=\"more-link\"> [...]  Weiterlesen<\/a>","protected":false},"excerpt":{"rendered":"<p>Auch in diesem Jahr sind noch verschiedene Sachen am Reitplatz zu richten. Den Anfang der Arbeiten machen die Vorbereitungen f\u00fcr das Podest vor dem Container. Da vor dem Container ein Kabel der EnBW verlegt ist, wurden noch ein paar Leerrohre &hellip; <a href=\"https:\/\/www.reitverein-roehlingen.de\/html\/wordpress\/?p=5750\">Weiterlesen <span class=\"meta-nav\">&rarr;<\/span><\/a><\/p>\n","protected":false},"author":2,"featured_media":0,"comment_status":"closed","ping_status":"closed","sticky":false,"template":"","format":"standard","meta":{"footnotes":""},"categories":[19,8],"tags":[],"class_list":["post-5750","post","type-post","status-publish","format-standard","hentry","category-chronik","category-vereins-historie"],"_links":{"self":[{"href":"https:\/\/www.reitverein-roehlingen.de\/html\/wordpress\/index.php?rest_route=\/wp\/v2\/posts\/5750","targetHints":{"allow":["GET"]}}],"collection":[{"href":"https:\/\/www.reitverein-roehlingen.de\/html\/wordpress\/index.php?rest_route=\/wp\/v2\/posts"}],"about":[{"href":"https:\/\/www.reitverein-roehlingen.de\/html\/wordpress\/index.php?rest_route=\/wp\/v2\/types\/post"}],"author":[{"embeddable":true,"href":"https:\/\/www.reitverein-roehlingen.de\/html\/wordpress\/index.php?rest_route=\/wp\/v2\/users\/2"}],"replies":[{"embeddable":true,"href":"https:\/\/www.reitverein-roehlingen.de\/html\/wordpress\/index.php?rest_route=%2Fwp%2Fv2%2Fcomments&post=5750"}],"version-history":[{"count":17,"href":"https:\/\/www.reitverein-roehlingen.de\/html\/wordpress\/index.php?rest_route=\/wp\/v2\/posts\/5750\/revisions"}],"predecessor-version":[{"id":7095,"href":"https:\/\/www.reitverein-roehlingen.de\/html\/wordpress\/index.php?rest_route=\/wp\/v2\/posts\/5750\/revisions\/7095"}],"wp:attachment":[{"href":"https:\/\/www.reitverein-roehlingen.de\/html\/wordpress\/index.php?rest_route=%2Fwp%2Fv2%2Fmedia&parent=5750"}],"wp:term":[{"taxonomy":"category","embeddable":true,"href":"https:\/\/www.reitverein-roehlingen.de\/html\/wordpress\/index.php?rest_route=%2Fwp%2Fv2%2Fcategories&post=5750"},{"taxonomy":"post_tag","embeddable":true,"href":"https:\/\/www.reitverein-roehlingen.de\/html\/wordpress\/index.php?rest_route=%2Fwp%2Fv2%2Ftags&post=5750"}],"curies":[{"name":"wp","href":"https:\/\/api.w.org\/{rel}","templated":true}]}}