{"id":5763,"date":"2014-03-28T20:17:17","date_gmt":"2014-03-28T20:17:17","guid":{"rendered":"http:\/\/www.reitverein-roehlingen.de\/html\/wordpress\/?p=5763"},"modified":"2014-06-28T15:53:10","modified_gmt":"2014-06-28T15:53:10","slug":"arbeitseinsatz-beim-gruen-um-die-halle","status":"publish","type":"post","link":"https:\/\/www.reitverein-roehlingen.de\/html\/wordpress\/?p=5763","title":{"rendered":"Arbeitseinsatz beim Gr\u00fcn um die Halle&#8230;"},"content":{"rendered":"Georg G\u00f6sele hat das ganze Gr\u00fcn um die Halle kr\u00e4ftig gestutzt. Zwei LKW- und eine H\u00e4ngerladung hatten er, Gebhard und Manuel B\u00fchler schon aufgeladen und weggebracht. Am Freitag, 28. M\u00e4rz waren abends noch ein paar Helfer und Helferinnen da, um den Rest aufzuladen.\r\n\r\n\r\n\r\n\r\n\r\n\r\n\r\n\r\n\r\n\r\n\r\n\r\n\r\n\r\n\r\n\r\n\r\n\r\n\r\n\r\n\r\n\r\n\r\n\r\n\r\n\r\n\r\nZum Schluss war alles auf Laster und H\u00e4nger aufgeladen und festgezurrt.\r\n\r\n\r\n\r\n\r\n\r\n\r\n\r\nAm Samstag brachte Georg alles noch nach Reutehau und alles war wieder sauber. <a href=\"https:\/\/www.reitverein-roehlingen.de\/html\/wordpress\/?p=5763\" class=\"more-link\"> [...]  Weiterlesen<\/a>","protected":false},"excerpt":{"rendered":"<p>Georg G\u00f6sele hat das ganze Gr\u00fcn um die Halle kr\u00e4ftig gestutzt. Zwei LKW- und eine H\u00e4ngerladung hatten er, Gebhard und Manuel B\u00fchler schon aufgeladen und weggebracht. Am Freitag, 28. M\u00e4rz waren abends noch ein paar Helfer und Helferinnen da, um &hellip; <a href=\"https:\/\/www.reitverein-roehlingen.de\/html\/wordpress\/?p=5763\">Weiterlesen <span class=\"meta-nav\">&rarr;<\/span><\/a><\/p>\n","protected":false},"author":2,"featured_media":0,"comment_status":"closed","ping_status":"closed","sticky":false,"template":"","format":"standard","meta":{"footnotes":""},"categories":[19,8],"tags":[],"class_list":["post-5763","post","type-post","status-publish","format-standard","hentry","category-chronik","category-vereins-historie"],"_links":{"self":[{"href":"https:\/\/www.reitverein-roehlingen.de\/html\/wordpress\/index.php?rest_route=\/wp\/v2\/posts\/5763","targetHints":{"allow":["GET"]}}],"collection":[{"href":"https:\/\/www.reitverein-roehlingen.de\/html\/wordpress\/index.php?rest_route=\/wp\/v2\/posts"}],"about":[{"href":"https:\/\/www.reitverein-roehlingen.de\/html\/wordpress\/index.php?rest_route=\/wp\/v2\/types\/post"}],"author":[{"embeddable":true,"href":"https:\/\/www.reitverein-roehlingen.de\/html\/wordpress\/index.php?rest_route=\/wp\/v2\/users\/2"}],"replies":[{"embeddable":true,"href":"https:\/\/www.reitverein-roehlingen.de\/html\/wordpress\/index.php?rest_route=%2Fwp%2Fv2%2Fcomments&post=5763"}],"version-history":[{"count":3,"href":"https:\/\/www.reitverein-roehlingen.de\/html\/wordpress\/index.php?rest_route=\/wp\/v2\/posts\/5763\/revisions"}],"predecessor-version":[{"id":5782,"href":"https:\/\/www.reitverein-roehlingen.de\/html\/wordpress\/index.php?rest_route=\/wp\/v2\/posts\/5763\/revisions\/5782"}],"wp:attachment":[{"href":"https:\/\/www.reitverein-roehlingen.de\/html\/wordpress\/index.php?rest_route=%2Fwp%2Fv2%2Fmedia&parent=5763"}],"wp:term":[{"taxonomy":"category","embeddable":true,"href":"https:\/\/www.reitverein-roehlingen.de\/html\/wordpress\/index.php?rest_route=%2Fwp%2Fv2%2Fcategories&post=5763"},{"taxonomy":"post_tag","embeddable":true,"href":"https:\/\/www.reitverein-roehlingen.de\/html\/wordpress\/index.php?rest_route=%2Fwp%2Fv2%2Ftags&post=5763"}],"curies":[{"name":"wp","href":"https:\/\/api.w.org\/{rel}","templated":true}]}}