{"id":6232,"date":"2014-05-29T13:05:13","date_gmt":"2014-05-29T13:05:13","guid":{"rendered":"http:\/\/www.reitverein-roehlingen.de\/html\/wordpress\/?p=6232"},"modified":"2014-10-15T17:17:35","modified_gmt":"2014-10-15T17:17:35","slug":"gute-fahrt-weingartenreiter","status":"publish","type":"post","link":"https:\/\/www.reitverein-roehlingen.de\/html\/wordpress\/?p=6232","title":{"rendered":"Gute Fahrt, Weingartenreiter!"},"content":{"rendered":"Am Vatertag, 29. Mai, trafen sich die Weingartenreiter wie jedes Jahr um kurz vor halb zw\u00f6lf bei Anna Kirsch in R\u00f6hlingen. Die Reiter und die Pilger fuhren von dort gemeinsam los nach Weingarten. Anna Kirsch sorgt jedes Jahr f\u00fcr die Verpflegung der Reiter und Pilger mit Kaffee, Kuchen und Butterbrezeln.\r\n\r\nDieses Jahr waren es etwas weniger Reiter, da einige krankheitsbedingt ausgefallen waren. Nach Weingarten aufgebrochen sind insgesamt acht Reiter, Helmut Hohnheiser, Josef Uhl, Robert Jakob, <a href=\"https:\/\/www.reitverein-roehlingen.de\/html\/wordpress\/?p=6232\" class=\"more-link\"> [...]  Weiterlesen<\/a>","protected":false},"excerpt":{"rendered":"<p>Am Vatertag, 29. Mai, trafen sich die Weingartenreiter wie jedes Jahr um kurz vor halb zw\u00f6lf bei Anna Kirsch in R\u00f6hlingen. Die Reiter und die Pilger fuhren von dort gemeinsam los nach Weingarten. Anna Kirsch sorgt jedes Jahr f\u00fcr die &hellip; <a href=\"https:\/\/www.reitverein-roehlingen.de\/html\/wordpress\/?p=6232\">Weiterlesen <span class=\"meta-nav\">&rarr;<\/span><\/a><\/p>\n","protected":false},"author":2,"featured_media":0,"comment_status":"closed","ping_status":"closed","sticky":false,"template":"","format":"standard","meta":{"footnotes":""},"categories":[19,24,8],"tags":[],"class_list":["post-6232","post","type-post","status-publish","format-standard","hentry","category-chronik","category-kirchliche-ritte","category-vereins-historie"],"_links":{"self":[{"href":"https:\/\/www.reitverein-roehlingen.de\/html\/wordpress\/index.php?rest_route=\/wp\/v2\/posts\/6232","targetHints":{"allow":["GET"]}}],"collection":[{"href":"https:\/\/www.reitverein-roehlingen.de\/html\/wordpress\/index.php?rest_route=\/wp\/v2\/posts"}],"about":[{"href":"https:\/\/www.reitverein-roehlingen.de\/html\/wordpress\/index.php?rest_route=\/wp\/v2\/types\/post"}],"author":[{"embeddable":true,"href":"https:\/\/www.reitverein-roehlingen.de\/html\/wordpress\/index.php?rest_route=\/wp\/v2\/users\/2"}],"replies":[{"embeddable":true,"href":"https:\/\/www.reitverein-roehlingen.de\/html\/wordpress\/index.php?rest_route=%2Fwp%2Fv2%2Fcomments&post=6232"}],"version-history":[{"count":2,"href":"https:\/\/www.reitverein-roehlingen.de\/html\/wordpress\/index.php?rest_route=\/wp\/v2\/posts\/6232\/revisions"}],"predecessor-version":[{"id":6900,"href":"https:\/\/www.reitverein-roehlingen.de\/html\/wordpress\/index.php?rest_route=\/wp\/v2\/posts\/6232\/revisions\/6900"}],"wp:attachment":[{"href":"https:\/\/www.reitverein-roehlingen.de\/html\/wordpress\/index.php?rest_route=%2Fwp%2Fv2%2Fmedia&parent=6232"}],"wp:term":[{"taxonomy":"category","embeddable":true,"href":"https:\/\/www.reitverein-roehlingen.de\/html\/wordpress\/index.php?rest_route=%2Fwp%2Fv2%2Fcategories&post=6232"},{"taxonomy":"post_tag","embeddable":true,"href":"https:\/\/www.reitverein-roehlingen.de\/html\/wordpress\/index.php?rest_route=%2Fwp%2Fv2%2Ftags&post=6232"}],"curies":[{"name":"wp","href":"https:\/\/api.w.org\/{rel}","templated":true}]}}