{"id":6357,"date":"2014-06-29T15:44:40","date_gmt":"2014-06-29T15:44:40","guid":{"rendered":"http:\/\/www.reitverein-roehlingen.de\/html\/wordpress\/?p=6357"},"modified":"2014-10-15T17:21:14","modified_gmt":"2014-10-15T17:21:14","slug":"roehlingen-feiert-1250-jahre-leben-an-der-sechta","status":"publish","type":"post","link":"https:\/\/www.reitverein-roehlingen.de\/html\/wordpress\/?p=6357","title":{"rendered":"R\u00f6hlingen feiert 1250 Jahre Leben an der Sechta"},"content":{"rendered":"R\u00f6hlingen feiert 1250 Jahre Leben an der Sechta und auch unser Reitverein ist dabei.\r\n\r\n\r\n\r\n\r\n\r\n\r\n\r\n\r\n\r\n\r\n\r\n\r\n\r\n\r\n\r\n\r\n\r\n\r\n\r\n\r\n\r\nWie man sieht, ganz ohne Pferde und Reiter war das Themendorf nicht... Auch, wenn es unser Verein mangels Helfer (leider zu viel zu tun dieses Jahr, Reitplatzbau, Turnier, Jubil\u00e4um, Breitensportfestival...) keine eigene H\u00fctte stellen konnte. Daf\u00fcr haben wir bei der Bewirtung geholfen, was ebenfalls wichtig ist. Ohne Helfer geht auch hier nichts...\r\n\r\nDer Sonntag war <a href=\"https:\/\/www.reitverein-roehlingen.de\/html\/wordpress\/?p=6357\" class=\"more-link\"> [...]  Weiterlesen<\/a>","protected":false},"excerpt":{"rendered":"<p>R\u00f6hlingen feiert 1250 Jahre Leben an der Sechta und auch unser Reitverein ist dabei. Wie man sieht, ganz ohne Pferde und Reiter war das Themendorf nicht&#8230; Auch, wenn es unser Verein mangels Helfer (leider zu viel zu tun dieses Jahr, &hellip; <a href=\"https:\/\/www.reitverein-roehlingen.de\/html\/wordpress\/?p=6357\">Weiterlesen <span class=\"meta-nav\">&rarr;<\/span><\/a><\/p>\n","protected":false},"author":2,"featured_media":0,"comment_status":"closed","ping_status":"closed","sticky":false,"template":"","format":"standard","meta":{"footnotes":""},"categories":[19,35,8],"tags":[],"class_list":["post-6357","post","type-post","status-publish","format-standard","hentry","category-chronik","category-jugend","category-vereins-historie"],"_links":{"self":[{"href":"https:\/\/www.reitverein-roehlingen.de\/html\/wordpress\/index.php?rest_route=\/wp\/v2\/posts\/6357","targetHints":{"allow":["GET"]}}],"collection":[{"href":"https:\/\/www.reitverein-roehlingen.de\/html\/wordpress\/index.php?rest_route=\/wp\/v2\/posts"}],"about":[{"href":"https:\/\/www.reitverein-roehlingen.de\/html\/wordpress\/index.php?rest_route=\/wp\/v2\/types\/post"}],"author":[{"embeddable":true,"href":"https:\/\/www.reitverein-roehlingen.de\/html\/wordpress\/index.php?rest_route=\/wp\/v2\/users\/2"}],"replies":[{"embeddable":true,"href":"https:\/\/www.reitverein-roehlingen.de\/html\/wordpress\/index.php?rest_route=%2Fwp%2Fv2%2Fcomments&post=6357"}],"version-history":[{"count":9,"href":"https:\/\/www.reitverein-roehlingen.de\/html\/wordpress\/index.php?rest_route=\/wp\/v2\/posts\/6357\/revisions"}],"predecessor-version":[{"id":6909,"href":"https:\/\/www.reitverein-roehlingen.de\/html\/wordpress\/index.php?rest_route=\/wp\/v2\/posts\/6357\/revisions\/6909"}],"wp:attachment":[{"href":"https:\/\/www.reitverein-roehlingen.de\/html\/wordpress\/index.php?rest_route=%2Fwp%2Fv2%2Fmedia&parent=6357"}],"wp:term":[{"taxonomy":"category","embeddable":true,"href":"https:\/\/www.reitverein-roehlingen.de\/html\/wordpress\/index.php?rest_route=%2Fwp%2Fv2%2Fcategories&post=6357"},{"taxonomy":"post_tag","embeddable":true,"href":"https:\/\/www.reitverein-roehlingen.de\/html\/wordpress\/index.php?rest_route=%2Fwp%2Fv2%2Ftags&post=6357"}],"curies":[{"name":"wp","href":"https:\/\/api.w.org\/{rel}","templated":true}]}}