{"id":6423,"date":"2014-07-31T05:34:37","date_gmt":"2014-07-31T05:34:37","guid":{"rendered":"http:\/\/www.reitverein-roehlingen.de\/html\/wordpress\/?p=6423"},"modified":"2014-12-29T09:21:29","modified_gmt":"2014-12-29T09:21:29","slug":"training-fuer-das-pferdefestival","status":"publish","type":"post","link":"https:\/\/www.reitverein-roehlingen.de\/html\/wordpress\/?p=6423","title":{"rendered":"Training f\u00fcr das Pferdefestival"},"content":{"rendered":"Am ersten August-Wochenende findet in Ellwangen das Bundespferdefestival statt. Neben zahlreichen Pr\u00fcfungen gibt es auch ein Showprogramm. Am Sonntag Nachmittag hat auch der Reit- und Fahrverein R\u00f6hlingen wieder einen Platz. Jugendwart Inga Maierh\u00f6fer hat eine Geschichte um ein kleines Schlossgespenst auf dem Programm. Eingebunden werden hier eine Springquadrille, eine Dressurquadrille, eine Voltigiervorf\u00fchrung, eine Kutschfahrt und ein F\u00fchrz\u00fcgelkind, also alle Bereiche des Pferdesports.\r\n\r\nDa <a href=\"https:\/\/www.reitverein-roehlingen.de\/html\/wordpress\/?p=6423\" class=\"more-link\"> [...]  Weiterlesen<\/a>","protected":false},"excerpt":{"rendered":"<p>Am ersten August-Wochenende findet in Ellwangen das Bundespferdefestival statt. Neben zahlreichen Pr\u00fcfungen gibt es auch ein Showprogramm. Am Sonntag Nachmittag hat auch der Reit- und Fahrverein R\u00f6hlingen wieder einen Platz. Jugendwart Inga Maierh\u00f6fer hat eine Geschichte um ein kleines Schlossgespenst &hellip; <a href=\"https:\/\/www.reitverein-roehlingen.de\/html\/wordpress\/?p=6423\">Weiterlesen <span class=\"meta-nav\">&rarr;<\/span><\/a><\/p>\n","protected":false},"author":2,"featured_media":0,"comment_status":"closed","ping_status":"closed","sticky":false,"template":"","format":"standard","meta":{"footnotes":""},"categories":[19,35,8],"tags":[],"class_list":["post-6423","post","type-post","status-publish","format-standard","hentry","category-chronik","category-jugend","category-vereins-historie"],"_links":{"self":[{"href":"https:\/\/www.reitverein-roehlingen.de\/html\/wordpress\/index.php?rest_route=\/wp\/v2\/posts\/6423","targetHints":{"allow":["GET"]}}],"collection":[{"href":"https:\/\/www.reitverein-roehlingen.de\/html\/wordpress\/index.php?rest_route=\/wp\/v2\/posts"}],"about":[{"href":"https:\/\/www.reitverein-roehlingen.de\/html\/wordpress\/index.php?rest_route=\/wp\/v2\/types\/post"}],"author":[{"embeddable":true,"href":"https:\/\/www.reitverein-roehlingen.de\/html\/wordpress\/index.php?rest_route=\/wp\/v2\/users\/2"}],"replies":[{"embeddable":true,"href":"https:\/\/www.reitverein-roehlingen.de\/html\/wordpress\/index.php?rest_route=%2Fwp%2Fv2%2Fcomments&post=6423"}],"version-history":[{"count":9,"href":"https:\/\/www.reitverein-roehlingen.de\/html\/wordpress\/index.php?rest_route=\/wp\/v2\/posts\/6423\/revisions"}],"predecessor-version":[{"id":7321,"href":"https:\/\/www.reitverein-roehlingen.de\/html\/wordpress\/index.php?rest_route=\/wp\/v2\/posts\/6423\/revisions\/7321"}],"wp:attachment":[{"href":"https:\/\/www.reitverein-roehlingen.de\/html\/wordpress\/index.php?rest_route=%2Fwp%2Fv2%2Fmedia&parent=6423"}],"wp:term":[{"taxonomy":"category","embeddable":true,"href":"https:\/\/www.reitverein-roehlingen.de\/html\/wordpress\/index.php?rest_route=%2Fwp%2Fv2%2Fcategories&post=6423"},{"taxonomy":"post_tag","embeddable":true,"href":"https:\/\/www.reitverein-roehlingen.de\/html\/wordpress\/index.php?rest_route=%2Fwp%2Fv2%2Ftags&post=6423"}],"curies":[{"name":"wp","href":"https:\/\/api.w.org\/{rel}","templated":true}]}}