{"id":6430,"date":"2014-07-06T16:37:50","date_gmt":"2014-07-06T16:37:50","guid":{"rendered":"http:\/\/www.reitverein-roehlingen.de\/html\/wordpress\/?p=6430"},"modified":"2014-12-29T09:20:22","modified_gmt":"2014-12-29T09:20:22","slug":"ausflug-zur-ipfmesse","status":"publish","type":"post","link":"https:\/\/www.reitverein-roehlingen.de\/html\/wordpress\/?p=6430","title":{"rendered":"Ausflug zur Ipfmesse"},"content":{"rendered":"Jedes Jahr Anfang Juli ist in Bopfingen Ipfmesse. Nach dem Stress der letzten Tage haben sich einige Mitglieder des Reitvereins kurzfristig entschlossen, am Samstag Abend gemeinsam zur Messe zu fahren. Mit dabei waren\u00a0Elena Boschatzke, Sandra Schneider, Inga und Roland Maierh\u00f6fer, Julia und J\u00fcrgen Abele und Dorothee Kohnle, Norbert Wesolowski, Julian Geiger und Anna-Lena Helmle. Unsere Leute hatten sehr viel Spa\u00df. F\u00fcr die meisten von ihnen war es etwas stressiger gewesen, denn sie waren am fr\u00fchen <a href=\"https:\/\/www.reitverein-roehlingen.de\/html\/wordpress\/?p=6430\" class=\"more-link\"> [...]  Weiterlesen<\/a>","protected":false},"excerpt":{"rendered":"<p>Jedes Jahr Anfang Juli ist in Bopfingen Ipfmesse. Nach dem Stress der letzten Tage haben sich einige Mitglieder des Reitvereins kurzfristig entschlossen, am Samstag Abend gemeinsam zur Messe zu fahren. Mit dabei waren\u00a0Elena Boschatzke, Sandra Schneider, Inga und Roland Maierh\u00f6fer, &hellip; <a href=\"https:\/\/www.reitverein-roehlingen.de\/html\/wordpress\/?p=6430\">Weiterlesen <span class=\"meta-nav\">&rarr;<\/span><\/a><\/p>\n","protected":false},"author":2,"featured_media":0,"comment_status":"closed","ping_status":"closed","sticky":false,"template":"","format":"standard","meta":{"footnotes":""},"categories":[19,8],"tags":[],"class_list":["post-6430","post","type-post","status-publish","format-standard","hentry","category-chronik","category-vereins-historie"],"_links":{"self":[{"href":"https:\/\/www.reitverein-roehlingen.de\/html\/wordpress\/index.php?rest_route=\/wp\/v2\/posts\/6430","targetHints":{"allow":["GET"]}}],"collection":[{"href":"https:\/\/www.reitverein-roehlingen.de\/html\/wordpress\/index.php?rest_route=\/wp\/v2\/posts"}],"about":[{"href":"https:\/\/www.reitverein-roehlingen.de\/html\/wordpress\/index.php?rest_route=\/wp\/v2\/types\/post"}],"author":[{"embeddable":true,"href":"https:\/\/www.reitverein-roehlingen.de\/html\/wordpress\/index.php?rest_route=\/wp\/v2\/users\/2"}],"replies":[{"embeddable":true,"href":"https:\/\/www.reitverein-roehlingen.de\/html\/wordpress\/index.php?rest_route=%2Fwp%2Fv2%2Fcomments&post=6430"}],"version-history":[{"count":3,"href":"https:\/\/www.reitverein-roehlingen.de\/html\/wordpress\/index.php?rest_route=\/wp\/v2\/posts\/6430\/revisions"}],"predecessor-version":[{"id":7318,"href":"https:\/\/www.reitverein-roehlingen.de\/html\/wordpress\/index.php?rest_route=\/wp\/v2\/posts\/6430\/revisions\/7318"}],"wp:attachment":[{"href":"https:\/\/www.reitverein-roehlingen.de\/html\/wordpress\/index.php?rest_route=%2Fwp%2Fv2%2Fmedia&parent=6430"}],"wp:term":[{"taxonomy":"category","embeddable":true,"href":"https:\/\/www.reitverein-roehlingen.de\/html\/wordpress\/index.php?rest_route=%2Fwp%2Fv2%2Fcategories&post=6430"},{"taxonomy":"post_tag","embeddable":true,"href":"https:\/\/www.reitverein-roehlingen.de\/html\/wordpress\/index.php?rest_route=%2Fwp%2Fv2%2Ftags&post=6430"}],"curies":[{"name":"wp","href":"https:\/\/api.w.org\/{rel}","templated":true}]}}