{"id":6516,"date":"2014-08-03T20:21:33","date_gmt":"2014-08-03T20:21:33","guid":{"rendered":"http:\/\/www.reitverein-roehlingen.de\/html\/wordpress\/?p=6516"},"modified":"2014-12-29T09:22:06","modified_gmt":"2014-12-29T09:22:06","slug":"das-kleine-schlossgespenst","status":"publish","type":"post","link":"https:\/\/www.reitverein-roehlingen.de\/html\/wordpress\/?p=6516","title":{"rendered":"Das kleine Schlossgespenst"},"content":{"rendered":"Am Bundespferdefestival am Schauproramm am Sonntag, 3. August war unser Verein auch wieder vertreten. Inga Maierh\u00f6fer hatte eine Geschichte mit Reit- und Voltigiereinlagen umgesetzt. Passend zum Stadtjubil\u00e4um hatte sie sich eine Geschichte zum Ellwanger Schlossgespenst ausgedacht und mit Vorf\u00fchrungen, passender Musik und tollen Kost\u00fcmen garniert.\r\n\r\nIm Vorfeld entstand ein kleines Plakat.\r\n\r\n\r\n\r\nAm Pferdefestival kam die Geschichte beim Publikum sehr gut an. Es gab viel Zwischenapplaus.\r\n\r\n\r\n\r\n\r\n\r\nHier <a href=\"https:\/\/www.reitverein-roehlingen.de\/html\/wordpress\/?p=6516\" class=\"more-link\"> [...]  Weiterlesen<\/a>","protected":false},"excerpt":{"rendered":"<p>Am Bundespferdefestival am Schauproramm am Sonntag, 3. August war unser Verein auch wieder vertreten. Inga Maierh\u00f6fer hatte eine Geschichte mit Reit- und Voltigiereinlagen umgesetzt. Passend zum Stadtjubil\u00e4um hatte sie sich eine Geschichte zum Ellwanger Schlossgespenst ausgedacht und mit Vorf\u00fchrungen, passender &hellip; <a href=\"https:\/\/www.reitverein-roehlingen.de\/html\/wordpress\/?p=6516\">Weiterlesen <span class=\"meta-nav\">&rarr;<\/span><\/a><\/p>\n","protected":false},"author":2,"featured_media":0,"comment_status":"closed","ping_status":"closed","sticky":false,"template":"","format":"standard","meta":{"footnotes":""},"categories":[19,35,8],"tags":[],"class_list":["post-6516","post","type-post","status-publish","format-standard","hentry","category-chronik","category-jugend","category-vereins-historie"],"_links":{"self":[{"href":"https:\/\/www.reitverein-roehlingen.de\/html\/wordpress\/index.php?rest_route=\/wp\/v2\/posts\/6516","targetHints":{"allow":["GET"]}}],"collection":[{"href":"https:\/\/www.reitverein-roehlingen.de\/html\/wordpress\/index.php?rest_route=\/wp\/v2\/posts"}],"about":[{"href":"https:\/\/www.reitverein-roehlingen.de\/html\/wordpress\/index.php?rest_route=\/wp\/v2\/types\/post"}],"author":[{"embeddable":true,"href":"https:\/\/www.reitverein-roehlingen.de\/html\/wordpress\/index.php?rest_route=\/wp\/v2\/users\/2"}],"replies":[{"embeddable":true,"href":"https:\/\/www.reitverein-roehlingen.de\/html\/wordpress\/index.php?rest_route=%2Fwp%2Fv2%2Fcomments&post=6516"}],"version-history":[{"count":7,"href":"https:\/\/www.reitverein-roehlingen.de\/html\/wordpress\/index.php?rest_route=\/wp\/v2\/posts\/6516\/revisions"}],"predecessor-version":[{"id":6995,"href":"https:\/\/www.reitverein-roehlingen.de\/html\/wordpress\/index.php?rest_route=\/wp\/v2\/posts\/6516\/revisions\/6995"}],"wp:attachment":[{"href":"https:\/\/www.reitverein-roehlingen.de\/html\/wordpress\/index.php?rest_route=%2Fwp%2Fv2%2Fmedia&parent=6516"}],"wp:term":[{"taxonomy":"category","embeddable":true,"href":"https:\/\/www.reitverein-roehlingen.de\/html\/wordpress\/index.php?rest_route=%2Fwp%2Fv2%2Fcategories&post=6516"},{"taxonomy":"post_tag","embeddable":true,"href":"https:\/\/www.reitverein-roehlingen.de\/html\/wordpress\/index.php?rest_route=%2Fwp%2Fv2%2Ftags&post=6516"}],"curies":[{"name":"wp","href":"https:\/\/api.w.org\/{rel}","templated":true}]}}