{"id":6520,"date":"2014-08-31T17:43:07","date_gmt":"2014-08-31T17:43:07","guid":{"rendered":"http:\/\/www.reitverein-roehlingen.de\/html\/wordpress\/?p=6520"},"modified":"2014-12-29T09:22:53","modified_gmt":"2014-12-29T09:22:53","slug":"sanierung-des-hallenbodens","status":"publish","type":"post","link":"https:\/\/www.reitverein-roehlingen.de\/html\/wordpress\/?p=6520","title":{"rendered":"Sanierung des Hallenbodens"},"content":{"rendered":"Nach rund 10 Jahren Dienst musste unser Hallenboden erneuert werden.\r\n\r\nAm 1. August gab es die erste Aktion, der alte Hallenboden wurde entfernt. Josef W\u00f6hrle mit seinem Radlader und Georg G\u00f6sele waren schon um 12.00Uhr mittags da zum arbeiten... Der LKW kam um eins, in dieser einen Stunde war schon fast die H\u00e4lfte der Halle abgetragen. Der LKW brachte drei Fuhren weg, war gegen halb drei fertig, der Radlader war gegen Dreiviertel vier mit allem fertig.\r\n\r\n\r\n\r\n\r\n\r\n\r\n\r\n\r\n\r\n\r\n\r\n\r\n\r\n\r\n\r\n\r\n\r\n\r\n\r\nDas <a href=\"https:\/\/www.reitverein-roehlingen.de\/html\/wordpress\/?p=6520\" class=\"more-link\"> [...]  Weiterlesen<\/a>","protected":false},"excerpt":{"rendered":"<p>Nach rund 10 Jahren Dienst musste unser Hallenboden erneuert werden. Am 1. August gab es die erste Aktion, der alte Hallenboden wurde entfernt. Josef W\u00f6hrle mit seinem Radlader und Georg G\u00f6sele waren schon um 12.00Uhr mittags da zum arbeiten&#8230; Der &hellip; <a href=\"https:\/\/www.reitverein-roehlingen.de\/html\/wordpress\/?p=6520\">Weiterlesen <span class=\"meta-nav\">&rarr;<\/span><\/a><\/p>\n","protected":false},"author":2,"featured_media":0,"comment_status":"closed","ping_status":"closed","sticky":false,"template":"","format":"standard","meta":{"footnotes":""},"categories":[19,8],"tags":[],"class_list":["post-6520","post","type-post","status-publish","format-standard","hentry","category-chronik","category-vereins-historie"],"_links":{"self":[{"href":"https:\/\/www.reitverein-roehlingen.de\/html\/wordpress\/index.php?rest_route=\/wp\/v2\/posts\/6520","targetHints":{"allow":["GET"]}}],"collection":[{"href":"https:\/\/www.reitverein-roehlingen.de\/html\/wordpress\/index.php?rest_route=\/wp\/v2\/posts"}],"about":[{"href":"https:\/\/www.reitverein-roehlingen.de\/html\/wordpress\/index.php?rest_route=\/wp\/v2\/types\/post"}],"author":[{"embeddable":true,"href":"https:\/\/www.reitverein-roehlingen.de\/html\/wordpress\/index.php?rest_route=\/wp\/v2\/users\/2"}],"replies":[{"embeddable":true,"href":"https:\/\/www.reitverein-roehlingen.de\/html\/wordpress\/index.php?rest_route=%2Fwp%2Fv2%2Fcomments&post=6520"}],"version-history":[{"count":8,"href":"https:\/\/www.reitverein-roehlingen.de\/html\/wordpress\/index.php?rest_route=\/wp\/v2\/posts\/6520\/revisions"}],"predecessor-version":[{"id":6738,"href":"https:\/\/www.reitverein-roehlingen.de\/html\/wordpress\/index.php?rest_route=\/wp\/v2\/posts\/6520\/revisions\/6738"}],"wp:attachment":[{"href":"https:\/\/www.reitverein-roehlingen.de\/html\/wordpress\/index.php?rest_route=%2Fwp%2Fv2%2Fmedia&parent=6520"}],"wp:term":[{"taxonomy":"category","embeddable":true,"href":"https:\/\/www.reitverein-roehlingen.de\/html\/wordpress\/index.php?rest_route=%2Fwp%2Fv2%2Fcategories&post=6520"},{"taxonomy":"post_tag","embeddable":true,"href":"https:\/\/www.reitverein-roehlingen.de\/html\/wordpress\/index.php?rest_route=%2Fwp%2Fv2%2Ftags&post=6520"}],"curies":[{"name":"wp","href":"https:\/\/api.w.org\/{rel}","templated":true}]}}