{"id":6735,"date":"2014-07-31T19:35:10","date_gmt":"2014-07-31T19:35:10","guid":{"rendered":"http:\/\/www.reitverein-roehlingen.de\/html\/wordpress\/?p=6735"},"modified":"2014-12-29T09:21:39","modified_gmt":"2014-12-29T09:21:39","slug":"araberschau-in-ansbach","status":"publish","type":"post","link":"https:\/\/www.reitverein-roehlingen.de\/html\/wordpress\/?p=6735","title":{"rendered":"Araberschau in Ansbach"},"content":{"rendered":"In Ansbach trafen sich am 12. und 13. Juli Z\u00fcchter und Araberfreunde aus ganz Bayern und den angrenzenden Bundesl\u00e4ndern. Angeboten wurde unter anderem eine offene Klasse f\u00fcr Wallache und nicht zur Zucht genutzte Stuten. Die Offene Klasse f\u00fcr Wallache und nicht eingetragene Stuten fand einiges Interesse bei den Araberbesitzern. Von sechs genannten Pferden unterschiedlicher Arabischer Rassen stellten sich schlie\u00dflich vier zur Beurteilung. In einem Kopf- an Kopfrennen konnte sich der noble, braune <a href=\"https:\/\/www.reitverein-roehlingen.de\/html\/wordpress\/?p=6735\" class=\"more-link\"> [...]  Weiterlesen<\/a>","protected":false},"excerpt":{"rendered":"<p>In Ansbach trafen sich am 12. und 13. Juli Z\u00fcchter und Araberfreunde aus ganz Bayern und den angrenzenden Bundesl\u00e4ndern. Angeboten wurde unter anderem eine offene Klasse f\u00fcr Wallache und nicht zur Zucht genutzte Stuten. Die Offene Klasse f\u00fcr Wallache und &hellip; <a href=\"https:\/\/www.reitverein-roehlingen.de\/html\/wordpress\/?p=6735\">Weiterlesen <span class=\"meta-nav\">&rarr;<\/span><\/a><\/p>\n","protected":false},"author":2,"featured_media":0,"comment_status":"closed","ping_status":"closed","sticky":false,"template":"","format":"standard","meta":{"footnotes":""},"categories":[17,8],"tags":[],"class_list":["post-6735","post","type-post","status-publish","format-standard","hentry","category-pferdezucht","category-vereins-historie"],"_links":{"self":[{"href":"https:\/\/www.reitverein-roehlingen.de\/html\/wordpress\/index.php?rest_route=\/wp\/v2\/posts\/6735","targetHints":{"allow":["GET"]}}],"collection":[{"href":"https:\/\/www.reitverein-roehlingen.de\/html\/wordpress\/index.php?rest_route=\/wp\/v2\/posts"}],"about":[{"href":"https:\/\/www.reitverein-roehlingen.de\/html\/wordpress\/index.php?rest_route=\/wp\/v2\/types\/post"}],"author":[{"embeddable":true,"href":"https:\/\/www.reitverein-roehlingen.de\/html\/wordpress\/index.php?rest_route=\/wp\/v2\/users\/2"}],"replies":[{"embeddable":true,"href":"https:\/\/www.reitverein-roehlingen.de\/html\/wordpress\/index.php?rest_route=%2Fwp%2Fv2%2Fcomments&post=6735"}],"version-history":[{"count":1,"href":"https:\/\/www.reitverein-roehlingen.de\/html\/wordpress\/index.php?rest_route=\/wp\/v2\/posts\/6735\/revisions"}],"predecessor-version":[{"id":6736,"href":"https:\/\/www.reitverein-roehlingen.de\/html\/wordpress\/index.php?rest_route=\/wp\/v2\/posts\/6735\/revisions\/6736"}],"wp:attachment":[{"href":"https:\/\/www.reitverein-roehlingen.de\/html\/wordpress\/index.php?rest_route=%2Fwp%2Fv2%2Fmedia&parent=6735"}],"wp:term":[{"taxonomy":"category","embeddable":true,"href":"https:\/\/www.reitverein-roehlingen.de\/html\/wordpress\/index.php?rest_route=%2Fwp%2Fv2%2Fcategories&post=6735"},{"taxonomy":"post_tag","embeddable":true,"href":"https:\/\/www.reitverein-roehlingen.de\/html\/wordpress\/index.php?rest_route=%2Fwp%2Fv2%2Ftags&post=6735"}],"curies":[{"name":"wp","href":"https:\/\/api.w.org\/{rel}","templated":true}]}}