{"id":6760,"date":"2014-09-21T18:16:00","date_gmt":"2014-09-21T18:16:00","guid":{"rendered":"http:\/\/www.reitverein-roehlingen.de\/html\/wordpress\/?p=6760"},"modified":"2014-12-29T09:23:40","modified_gmt":"2014-12-29T09:23:40","slug":"happy-birthday-wolfgang","status":"publish","type":"post","link":"https:\/\/www.reitverein-roehlingen.de\/html\/wordpress\/?p=6760","title":{"rendered":"Happy Birthday Wolfgang!"},"content":{"rendered":"AALEN\/ R\u00d6HLINGEN (db) Am Sonntag, 21. September war eine Standartenabordnung zu Pferde des Reit- und Fahrvereins R\u00f6hlingen als Gratulanten bei Wolfgang Schimmel, der an diesem Tag seinen siebzigsten Geburtstag feiern durfte. Wolfgang Schimmel wohnt in Hofherrnweiler, ist den Verein aber schon seit 32 Jahren treu. Fr\u00fcher ritt er sehr aktiv, zuerst viele Jahre beim Reitstall von Ulrich Konle, sp\u00e4ter hatte er selbst ein Pferd, das er bei Familie Rathgeb in R\u00f6hlingen untergestellt hatte. Das Engagement, <a href=\"https:\/\/www.reitverein-roehlingen.de\/html\/wordpress\/?p=6760\" class=\"more-link\"> [...]  Weiterlesen<\/a>","protected":false},"excerpt":{"rendered":"<p>AALEN\/ R\u00d6HLINGEN (db) Am Sonntag, 21. September war eine Standartenabordnung zu Pferde des Reit- und Fahrvereins R\u00f6hlingen als Gratulanten bei Wolfgang Schimmel, der an diesem Tag seinen siebzigsten Geburtstag feiern durfte. Wolfgang Schimmel wohnt in Hofherrnweiler, ist den Verein aber &hellip; <a href=\"https:\/\/www.reitverein-roehlingen.de\/html\/wordpress\/?p=6760\">Weiterlesen <span class=\"meta-nav\">&rarr;<\/span><\/a><\/p>\n","protected":false},"author":2,"featured_media":0,"comment_status":"closed","ping_status":"closed","sticky":false,"template":"","format":"standard","meta":{"footnotes":""},"categories":[19,8],"tags":[],"class_list":["post-6760","post","type-post","status-publish","format-standard","hentry","category-chronik","category-vereins-historie"],"_links":{"self":[{"href":"https:\/\/www.reitverein-roehlingen.de\/html\/wordpress\/index.php?rest_route=\/wp\/v2\/posts\/6760","targetHints":{"allow":["GET"]}}],"collection":[{"href":"https:\/\/www.reitverein-roehlingen.de\/html\/wordpress\/index.php?rest_route=\/wp\/v2\/posts"}],"about":[{"href":"https:\/\/www.reitverein-roehlingen.de\/html\/wordpress\/index.php?rest_route=\/wp\/v2\/types\/post"}],"author":[{"embeddable":true,"href":"https:\/\/www.reitverein-roehlingen.de\/html\/wordpress\/index.php?rest_route=\/wp\/v2\/users\/2"}],"replies":[{"embeddable":true,"href":"https:\/\/www.reitverein-roehlingen.de\/html\/wordpress\/index.php?rest_route=%2Fwp%2Fv2%2Fcomments&post=6760"}],"version-history":[{"count":1,"href":"https:\/\/www.reitverein-roehlingen.de\/html\/wordpress\/index.php?rest_route=\/wp\/v2\/posts\/6760\/revisions"}],"predecessor-version":[{"id":6766,"href":"https:\/\/www.reitverein-roehlingen.de\/html\/wordpress\/index.php?rest_route=\/wp\/v2\/posts\/6760\/revisions\/6766"}],"wp:attachment":[{"href":"https:\/\/www.reitverein-roehlingen.de\/html\/wordpress\/index.php?rest_route=%2Fwp%2Fv2%2Fmedia&parent=6760"}],"wp:term":[{"taxonomy":"category","embeddable":true,"href":"https:\/\/www.reitverein-roehlingen.de\/html\/wordpress\/index.php?rest_route=%2Fwp%2Fv2%2Fcategories&post=6760"},{"taxonomy":"post_tag","embeddable":true,"href":"https:\/\/www.reitverein-roehlingen.de\/html\/wordpress\/index.php?rest_route=%2Fwp%2Fv2%2Ftags&post=6760"}],"curies":[{"name":"wp","href":"https:\/\/api.w.org\/{rel}","templated":true}]}}