{"id":775,"date":"2004-03-13T11:14:22","date_gmt":"2004-03-13T11:14:22","guid":{"rendered":"http:\/\/www.reitverein-roehlingen.de\/html\/wordpress\/?p=775"},"modified":"2013-01-30T16:50:39","modified_gmt":"2013-01-30T16:50:39","slug":"verein-im-wachstum","status":"publish","type":"post","link":"https:\/\/www.reitverein-roehlingen.de\/html\/wordpress\/?p=775","title":{"rendered":"Verein im Wachstum"},"content":{"rendered":"Der Reit- und Fahrverein R\u00f6hlingen e.V. hielt am Freitag, den 12.3.2004 seine diesj\u00e4hrige Jahreshauptversammlung ab. Der 1. Vorsitzende Josef Uhl er\u00f6ffnete diese Versammlung mit dem Hinweis auf den 80. Geburtstag des Vereins. Er lies in seinem Rechenschaftsbericht eindrucksvoll das vergangene Jahr Revue passieren. Er wies nicht nur auf die reiterlichen Aktivit\u00e4ten des vergangenen Jahres hin, sondern auch auf die neu ins Leben gerufenen Reitertreffen, bei denen kurze Fachreferate zu besonders <a href=\"https:\/\/www.reitverein-roehlingen.de\/html\/wordpress\/?p=775\" class=\"more-link\"> [...]  Weiterlesen<\/a>","protected":false},"excerpt":{"rendered":"<p>Der Reit- und Fahrverein R\u00f6hlingen e.V. hielt am Freitag, den 12.3.2004 seine diesj\u00e4hrige Jahreshauptversammlung ab. Der 1. Vorsitzende Josef Uhl er\u00f6ffnete diese Versammlung mit dem Hinweis auf den 80. Geburtstag des Vereins. Er lies in seinem Rechenschaftsbericht eindrucksvoll das vergangene &hellip; <a href=\"https:\/\/www.reitverein-roehlingen.de\/html\/wordpress\/?p=775\">Weiterlesen <span class=\"meta-nav\">&rarr;<\/span><\/a><\/p>\n","protected":false},"author":2,"featured_media":0,"comment_status":"closed","ping_status":"closed","sticky":false,"template":"","format":"standard","meta":{"footnotes":""},"categories":[19,8],"tags":[],"class_list":["post-775","post","type-post","status-publish","format-standard","hentry","category-chronik","category-vereins-historie"],"_links":{"self":[{"href":"https:\/\/www.reitverein-roehlingen.de\/html\/wordpress\/index.php?rest_route=\/wp\/v2\/posts\/775","targetHints":{"allow":["GET"]}}],"collection":[{"href":"https:\/\/www.reitverein-roehlingen.de\/html\/wordpress\/index.php?rest_route=\/wp\/v2\/posts"}],"about":[{"href":"https:\/\/www.reitverein-roehlingen.de\/html\/wordpress\/index.php?rest_route=\/wp\/v2\/types\/post"}],"author":[{"embeddable":true,"href":"https:\/\/www.reitverein-roehlingen.de\/html\/wordpress\/index.php?rest_route=\/wp\/v2\/users\/2"}],"replies":[{"embeddable":true,"href":"https:\/\/www.reitverein-roehlingen.de\/html\/wordpress\/index.php?rest_route=%2Fwp%2Fv2%2Fcomments&post=775"}],"version-history":[{"count":2,"href":"https:\/\/www.reitverein-roehlingen.de\/html\/wordpress\/index.php?rest_route=\/wp\/v2\/posts\/775\/revisions"}],"predecessor-version":[{"id":3542,"href":"https:\/\/www.reitverein-roehlingen.de\/html\/wordpress\/index.php?rest_route=\/wp\/v2\/posts\/775\/revisions\/3542"}],"wp:attachment":[{"href":"https:\/\/www.reitverein-roehlingen.de\/html\/wordpress\/index.php?rest_route=%2Fwp%2Fv2%2Fmedia&parent=775"}],"wp:term":[{"taxonomy":"category","embeddable":true,"href":"https:\/\/www.reitverein-roehlingen.de\/html\/wordpress\/index.php?rest_route=%2Fwp%2Fv2%2Fcategories&post=775"},{"taxonomy":"post_tag","embeddable":true,"href":"https:\/\/www.reitverein-roehlingen.de\/html\/wordpress\/index.php?rest_route=%2Fwp%2Fv2%2Ftags&post=775"}],"curies":[{"name":"wp","href":"https:\/\/api.w.org\/{rel}","templated":true}]}}