{"id":785,"date":"2005-12-31T11:24:20","date_gmt":"2005-12-31T11:24:20","guid":{"rendered":"http:\/\/www.reitverein-roehlingen.de\/html\/wordpress\/?p=785"},"modified":"2012-07-09T07:37:30","modified_gmt":"2012-07-09T07:37:30","slug":"785","status":"publish","type":"post","link":"https:\/\/www.reitverein-roehlingen.de\/html\/wordpress\/?p=785","title":{"rendered":"Jahresabschluss 2005 &#8211; R\u00f6hlinger Reiter sind aktiv"},"content":{"rendered":"ELLWANGEN-R\u00d6HLINGEN - Der Reit- und Fahrverein R\u00f6hlingen hat ein ereignisreiches Jahr hinter sich. Einen R\u00fcckblick dazu und Ehrungen verdienter Mitglieder sind die H\u00f6hepunkte der Jahresabschlussfeier im Gasthaus \u201eHirsch\u201c in Neunheim gewesen.\r\n\r\nVorsitzende Ute Ladenburger lie\u00df in ihrem R\u00fcckblick verschiedene H\u00f6hepunkte\u00a0 noch einmal Revue passieren. Sie f\u00fchrte die Teilnahme am Silvesterritt in Westhausen an, darauf folgte der Kalte Markt in Ellwangen, bei dem eine gro\u00dfe Gruppe Reiter <a href=\"https:\/\/www.reitverein-roehlingen.de\/html\/wordpress\/?p=785\" class=\"more-link\"> [...]  Weiterlesen<\/a>","protected":false},"excerpt":{"rendered":"<p>ELLWANGEN-R\u00d6HLINGEN &#8211; Der Reit- und Fahrverein R\u00f6hlingen hat ein ereignisreiches Jahr hinter sich. Einen R\u00fcckblick dazu und Ehrungen verdienter Mitglieder sind die H\u00f6hepunkte der Jahresabschlussfeier im Gasthaus \u201eHirsch\u201c in Neunheim gewesen. Vorsitzende Ute Ladenburger lie\u00df in ihrem R\u00fcckblick verschiedene H\u00f6hepunkte\u00a0 &hellip; <a href=\"https:\/\/www.reitverein-roehlingen.de\/html\/wordpress\/?p=785\">Weiterlesen <span class=\"meta-nav\">&rarr;<\/span><\/a><\/p>\n","protected":false},"author":2,"featured_media":0,"comment_status":"closed","ping_status":"closed","sticky":false,"template":"","format":"standard","meta":{"footnotes":""},"categories":[19,8],"tags":[],"class_list":["post-785","post","type-post","status-publish","format-standard","hentry","category-chronik","category-vereins-historie"],"_links":{"self":[{"href":"https:\/\/www.reitverein-roehlingen.de\/html\/wordpress\/index.php?rest_route=\/wp\/v2\/posts\/785","targetHints":{"allow":["GET"]}}],"collection":[{"href":"https:\/\/www.reitverein-roehlingen.de\/html\/wordpress\/index.php?rest_route=\/wp\/v2\/posts"}],"about":[{"href":"https:\/\/www.reitverein-roehlingen.de\/html\/wordpress\/index.php?rest_route=\/wp\/v2\/types\/post"}],"author":[{"embeddable":true,"href":"https:\/\/www.reitverein-roehlingen.de\/html\/wordpress\/index.php?rest_route=\/wp\/v2\/users\/2"}],"replies":[{"embeddable":true,"href":"https:\/\/www.reitverein-roehlingen.de\/html\/wordpress\/index.php?rest_route=%2Fwp%2Fv2%2Fcomments&post=785"}],"version-history":[{"count":5,"href":"https:\/\/www.reitverein-roehlingen.de\/html\/wordpress\/index.php?rest_route=\/wp\/v2\/posts\/785\/revisions"}],"predecessor-version":[{"id":1950,"href":"https:\/\/www.reitverein-roehlingen.de\/html\/wordpress\/index.php?rest_route=\/wp\/v2\/posts\/785\/revisions\/1950"}],"wp:attachment":[{"href":"https:\/\/www.reitverein-roehlingen.de\/html\/wordpress\/index.php?rest_route=%2Fwp%2Fv2%2Fmedia&parent=785"}],"wp:term":[{"taxonomy":"category","embeddable":true,"href":"https:\/\/www.reitverein-roehlingen.de\/html\/wordpress\/index.php?rest_route=%2Fwp%2Fv2%2Fcategories&post=785"},{"taxonomy":"post_tag","embeddable":true,"href":"https:\/\/www.reitverein-roehlingen.de\/html\/wordpress\/index.php?rest_route=%2Fwp%2Fv2%2Ftags&post=785"}],"curies":[{"name":"wp","href":"https:\/\/api.w.org\/{rel}","templated":true}]}}