{"id":801,"date":"2008-03-01T11:51:53","date_gmt":"2008-03-01T11:51:53","guid":{"rendered":"http:\/\/www.reitverein-roehlingen.de\/html\/wordpress\/?p=801"},"modified":"2012-07-09T07:05:57","modified_gmt":"2012-07-09T07:05:57","slug":"gebhard-buhler-neuer-ehrenvorsitzender","status":"publish","type":"post","link":"https:\/\/www.reitverein-roehlingen.de\/html\/wordpress\/?p=801","title":{"rendered":"Gebhard B\u00fchler neuer Ehrenvorsitzender"},"content":{"rendered":"ELLWANGEN-R\u00d6HLINGEN (db)- Am Freitag, 29. Februar hat der Reit- und Fahrverein R\u00f6hlingen die Hauptversammlung in der M\u00fchlbachhalle in R\u00f6hlingen abgehalten. Zus\u00e4tzlich zu den Wahlen sind verdiente Mitglieder zu Ehrenmitgliedern ernannt worden. Der Verein hat Eugen Haas f\u00fcr seine Verdienste zum Ehrenmitglied ernannt, Gebhard B\u00fchler, amtierender Kassierer, ist nun Ehrenvorsitzender.\r\nBei der Hauptversammlung des Reit- und Fahrvereins R\u00f6hlingen konnte der erste Vorsitzende Helmut Epacher auf <a href=\"https:\/\/www.reitverein-roehlingen.de\/html\/wordpress\/?p=801\" class=\"more-link\"> [...]  Weiterlesen<\/a>","protected":false},"excerpt":{"rendered":"<p>ELLWANGEN-R\u00d6HLINGEN (db)- Am Freitag, 29. Februar hat der Reit- und Fahrverein R\u00f6hlingen die Hauptversammlung in der M\u00fchlbachhalle in R\u00f6hlingen abgehalten. Zus\u00e4tzlich zu den Wahlen sind verdiente Mitglieder zu Ehrenmitgliedern ernannt worden. Der Verein hat Eugen Haas f\u00fcr seine Verdienste zum &hellip; <a href=\"https:\/\/www.reitverein-roehlingen.de\/html\/wordpress\/?p=801\">Weiterlesen <span class=\"meta-nav\">&rarr;<\/span><\/a><\/p>\n","protected":false},"author":2,"featured_media":0,"comment_status":"closed","ping_status":"closed","sticky":false,"template":"","format":"standard","meta":{"footnotes":""},"categories":[19,8],"tags":[],"class_list":["post-801","post","type-post","status-publish","format-standard","hentry","category-chronik","category-vereins-historie"],"_links":{"self":[{"href":"https:\/\/www.reitverein-roehlingen.de\/html\/wordpress\/index.php?rest_route=\/wp\/v2\/posts\/801","targetHints":{"allow":["GET"]}}],"collection":[{"href":"https:\/\/www.reitverein-roehlingen.de\/html\/wordpress\/index.php?rest_route=\/wp\/v2\/posts"}],"about":[{"href":"https:\/\/www.reitverein-roehlingen.de\/html\/wordpress\/index.php?rest_route=\/wp\/v2\/types\/post"}],"author":[{"embeddable":true,"href":"https:\/\/www.reitverein-roehlingen.de\/html\/wordpress\/index.php?rest_route=\/wp\/v2\/users\/2"}],"replies":[{"embeddable":true,"href":"https:\/\/www.reitverein-roehlingen.de\/html\/wordpress\/index.php?rest_route=%2Fwp%2Fv2%2Fcomments&post=801"}],"version-history":[{"count":5,"href":"https:\/\/www.reitverein-roehlingen.de\/html\/wordpress\/index.php?rest_route=\/wp\/v2\/posts\/801\/revisions"}],"predecessor-version":[{"id":1769,"href":"https:\/\/www.reitverein-roehlingen.de\/html\/wordpress\/index.php?rest_route=\/wp\/v2\/posts\/801\/revisions\/1769"}],"wp:attachment":[{"href":"https:\/\/www.reitverein-roehlingen.de\/html\/wordpress\/index.php?rest_route=%2Fwp%2Fv2%2Fmedia&parent=801"}],"wp:term":[{"taxonomy":"category","embeddable":true,"href":"https:\/\/www.reitverein-roehlingen.de\/html\/wordpress\/index.php?rest_route=%2Fwp%2Fv2%2Fcategories&post=801"},{"taxonomy":"post_tag","embeddable":true,"href":"https:\/\/www.reitverein-roehlingen.de\/html\/wordpress\/index.php?rest_route=%2Fwp%2Fv2%2Ftags&post=801"}],"curies":[{"name":"wp","href":"https:\/\/api.w.org\/{rel}","templated":true}]}}