{"id":807,"date":"2008-05-22T11:55:06","date_gmt":"2008-05-22T11:55:06","guid":{"rendered":"http:\/\/www.reitverein-roehlingen.de\/html\/wordpress\/?p=807"},"modified":"2013-01-31T13:16:25","modified_gmt":"2013-01-31T13:16:25","slug":"fronleichnamsprozession-in-rohlingen","status":"publish","type":"post","link":"https:\/\/www.reitverein-roehlingen.de\/html\/wordpress\/?p=807","title":{"rendered":"Fronleichnamsprozession in R\u00f6hlingen"},"content":{"rendered":"ELLWANGEN-R\u00d6HLINGEN (db) Auch in R\u00f6hlingen war, wie in den meisten Ortschaften, Fronleichnamsprozession. Herr Pater Steinle wurde auf dieser Prozession von sehr vielen Gl\u00e4ubigen begleitet. Die Prozession wurde mitgestaltet von den Kommunion-Kindern der letzten zwei Jahre, dem Musikverein und dem Gesangsverein sowie einer Standartenabordnung vom Reit- und Fahrverein R\u00f6hlingen, bestehend aus Peter M\u00fcller, Werner Wiedenh\u00f6fer und Georg G\u00f6sele. Unterwegs warteten auf die Prozessionsteilnehmer wieder <a href=\"https:\/\/www.reitverein-roehlingen.de\/html\/wordpress\/?p=807\" class=\"more-link\"> [...]  Weiterlesen<\/a>","protected":false},"excerpt":{"rendered":"<p>ELLWANGEN-R\u00d6HLINGEN (db) Auch in R\u00f6hlingen war, wie in den meisten Ortschaften, Fronleichnamsprozession. Herr Pater Steinle wurde auf dieser Prozession von sehr vielen Gl\u00e4ubigen begleitet. Die Prozession wurde mitgestaltet von den Kommunion-Kindern der letzten zwei Jahre, dem Musikverein und dem Gesangsverein &hellip; <a href=\"https:\/\/www.reitverein-roehlingen.de\/html\/wordpress\/?p=807\">Weiterlesen <span class=\"meta-nav\">&rarr;<\/span><\/a><\/p>\n","protected":false},"author":2,"featured_media":0,"comment_status":"closed","ping_status":"closed","sticky":false,"template":"","format":"standard","meta":{"footnotes":""},"categories":[19,24,8],"tags":[],"class_list":["post-807","post","type-post","status-publish","format-standard","hentry","category-chronik","category-kirchliche-ritte","category-vereins-historie"],"_links":{"self":[{"href":"https:\/\/www.reitverein-roehlingen.de\/html\/wordpress\/index.php?rest_route=\/wp\/v2\/posts\/807","targetHints":{"allow":["GET"]}}],"collection":[{"href":"https:\/\/www.reitverein-roehlingen.de\/html\/wordpress\/index.php?rest_route=\/wp\/v2\/posts"}],"about":[{"href":"https:\/\/www.reitverein-roehlingen.de\/html\/wordpress\/index.php?rest_route=\/wp\/v2\/types\/post"}],"author":[{"embeddable":true,"href":"https:\/\/www.reitverein-roehlingen.de\/html\/wordpress\/index.php?rest_route=\/wp\/v2\/users\/2"}],"replies":[{"embeddable":true,"href":"https:\/\/www.reitverein-roehlingen.de\/html\/wordpress\/index.php?rest_route=%2Fwp%2Fv2%2Fcomments&post=807"}],"version-history":[{"count":6,"href":"https:\/\/www.reitverein-roehlingen.de\/html\/wordpress\/index.php?rest_route=\/wp\/v2\/posts\/807\/revisions"}],"predecessor-version":[{"id":3577,"href":"https:\/\/www.reitverein-roehlingen.de\/html\/wordpress\/index.php?rest_route=\/wp\/v2\/posts\/807\/revisions\/3577"}],"wp:attachment":[{"href":"https:\/\/www.reitverein-roehlingen.de\/html\/wordpress\/index.php?rest_route=%2Fwp%2Fv2%2Fmedia&parent=807"}],"wp:term":[{"taxonomy":"category","embeddable":true,"href":"https:\/\/www.reitverein-roehlingen.de\/html\/wordpress\/index.php?rest_route=%2Fwp%2Fv2%2Fcategories&post=807"},{"taxonomy":"post_tag","embeddable":true,"href":"https:\/\/www.reitverein-roehlingen.de\/html\/wordpress\/index.php?rest_route=%2Fwp%2Fv2%2Ftags&post=807"}],"curies":[{"name":"wp","href":"https:\/\/api.w.org\/{rel}","templated":true}]}}