{"id":8151,"date":"2015-08-09T19:35:45","date_gmt":"2015-08-09T19:35:45","guid":{"rendered":"http:\/\/www.reitverein-roehlingen.de\/html\/wordpress\/?p=8151"},"modified":"2016-01-18T10:02:40","modified_gmt":"2016-01-18T10:02:40","slug":"happy-birthday-helmut","status":"publish","type":"post","link":"https:\/\/www.reitverein-roehlingen.de\/html\/wordpress\/?p=8151","title":{"rendered":"Happy Birthday Helmut"},"content":{"rendered":"ELLWANGEN-R\u00d6HLINGEN (db) Am Sonntag, 9. August war eine Standartenabordnung zu Pferde des Reit- und Fahrvereins R\u00f6hlingen als Gratulanten bei Helmut Epacher, der am Vortag seinen sechzigsten Geburtstag feiern durfte. Helmut\u00a0ist seit 2003 im Vereinsrat des Vereins aktiv, am Anfang als Schriftf\u00fchrer, 2007 \u00fcbernahm er das Amt als erster Vorsitzender und seit letztem Jahr ist er Vertreter der F\u00f6rdernden Mitglieder. Das Engagement, das Helmut\u00a0dem Verein lange Jahre entgegen brachte, ehrte dieser <a href=\"https:\/\/www.reitverein-roehlingen.de\/html\/wordpress\/?p=8151\" class=\"more-link\"> [...]  Weiterlesen<\/a>","protected":false},"excerpt":{"rendered":"<p>ELLWANGEN-R\u00d6HLINGEN (db) Am Sonntag, 9. August war eine Standartenabordnung zu Pferde des Reit- und Fahrvereins R\u00f6hlingen als Gratulanten bei Helmut Epacher, der am Vortag seinen sechzigsten Geburtstag feiern durfte. Helmut\u00a0ist seit 2003 im Vereinsrat des Vereins aktiv, am Anfang als &hellip; <a href=\"https:\/\/www.reitverein-roehlingen.de\/html\/wordpress\/?p=8151\">Weiterlesen <span class=\"meta-nav\">&rarr;<\/span><\/a><\/p>\n","protected":false},"author":2,"featured_media":0,"comment_status":"closed","ping_status":"closed","sticky":false,"template":"","format":"standard","meta":{"footnotes":""},"categories":[19,8],"tags":[],"class_list":["post-8151","post","type-post","status-publish","format-standard","hentry","category-chronik","category-vereins-historie"],"_links":{"self":[{"href":"https:\/\/www.reitverein-roehlingen.de\/html\/wordpress\/index.php?rest_route=\/wp\/v2\/posts\/8151","targetHints":{"allow":["GET"]}}],"collection":[{"href":"https:\/\/www.reitverein-roehlingen.de\/html\/wordpress\/index.php?rest_route=\/wp\/v2\/posts"}],"about":[{"href":"https:\/\/www.reitverein-roehlingen.de\/html\/wordpress\/index.php?rest_route=\/wp\/v2\/types\/post"}],"author":[{"embeddable":true,"href":"https:\/\/www.reitverein-roehlingen.de\/html\/wordpress\/index.php?rest_route=\/wp\/v2\/users\/2"}],"replies":[{"embeddable":true,"href":"https:\/\/www.reitverein-roehlingen.de\/html\/wordpress\/index.php?rest_route=%2Fwp%2Fv2%2Fcomments&post=8151"}],"version-history":[{"count":1,"href":"https:\/\/www.reitverein-roehlingen.de\/html\/wordpress\/index.php?rest_route=\/wp\/v2\/posts\/8151\/revisions"}],"predecessor-version":[{"id":8168,"href":"https:\/\/www.reitverein-roehlingen.de\/html\/wordpress\/index.php?rest_route=\/wp\/v2\/posts\/8151\/revisions\/8168"}],"wp:attachment":[{"href":"https:\/\/www.reitverein-roehlingen.de\/html\/wordpress\/index.php?rest_route=%2Fwp%2Fv2%2Fmedia&parent=8151"}],"wp:term":[{"taxonomy":"category","embeddable":true,"href":"https:\/\/www.reitverein-roehlingen.de\/html\/wordpress\/index.php?rest_route=%2Fwp%2Fv2%2Fcategories&post=8151"},{"taxonomy":"post_tag","embeddable":true,"href":"https:\/\/www.reitverein-roehlingen.de\/html\/wordpress\/index.php?rest_route=%2Fwp%2Fv2%2Ftags&post=8151"}],"curies":[{"name":"wp","href":"https:\/\/api.w.org\/{rel}","templated":true}]}}