{"id":819,"date":"2008-09-05T12:04:44","date_gmt":"2008-09-05T12:04:44","guid":{"rendered":"http:\/\/www.reitverein-roehlingen.de\/html\/wordpress\/?p=819"},"modified":"2012-07-07T08:48:18","modified_gmt":"2012-07-07T08:48:18","slug":"kelten-in-rohlingen","status":"publish","type":"post","link":"https:\/\/www.reitverein-roehlingen.de\/html\/wordpress\/?p=819","title":{"rendered":"Kelten in R\u00f6hlingen"},"content":{"rendered":"R\u00d6HLINGEN (db)- Der Reit- und Fahrverein R\u00f6hlingen hat zwei Mitglieder mit einem ganz besonderen Hobby. Rolf und Martin K\u00fcbler aus Erpfental haben sich der Keltengruppe \"Epona\" angeschlossen.\r\nDie Keltengruppe \"Epona\" ist die bisher einzige berittene Keltengruppe in Europa. Rolf und Martin K\u00fcbler geh\u00f6ren mit ihren Arabern zu dem berittenen Mitgliedern, die bisher vier Reiter z\u00e4hlen. Zu der ganzen Gruppe geh\u00f6ren viele weitere Mitglieder, die auf verschiedenen Veranstaltungen das Lagerleben <a href=\"https:\/\/www.reitverein-roehlingen.de\/html\/wordpress\/?p=819\" class=\"more-link\"> [...]  Weiterlesen<\/a>","protected":false},"excerpt":{"rendered":"<p>R\u00d6HLINGEN (db)- Der Reit- und Fahrverein R\u00f6hlingen hat zwei Mitglieder mit einem ganz besonderen Hobby. Rolf und Martin K\u00fcbler aus Erpfental haben sich der Keltengruppe &#8220;Epona&#8221; angeschlossen. Die Keltengruppe &#8220;Epona&#8221; ist die bisher einzige berittene Keltengruppe in Europa. Rolf und &hellip; <a href=\"https:\/\/www.reitverein-roehlingen.de\/html\/wordpress\/?p=819\">Weiterlesen <span class=\"meta-nav\">&rarr;<\/span><\/a><\/p>\n","protected":false},"author":2,"featured_media":0,"comment_status":"closed","ping_status":"closed","sticky":false,"template":"","format":"standard","meta":{"footnotes":""},"categories":[19,8],"tags":[],"class_list":["post-819","post","type-post","status-publish","format-standard","hentry","category-chronik","category-vereins-historie"],"_links":{"self":[{"href":"https:\/\/www.reitverein-roehlingen.de\/html\/wordpress\/index.php?rest_route=\/wp\/v2\/posts\/819","targetHints":{"allow":["GET"]}}],"collection":[{"href":"https:\/\/www.reitverein-roehlingen.de\/html\/wordpress\/index.php?rest_route=\/wp\/v2\/posts"}],"about":[{"href":"https:\/\/www.reitverein-roehlingen.de\/html\/wordpress\/index.php?rest_route=\/wp\/v2\/types\/post"}],"author":[{"embeddable":true,"href":"https:\/\/www.reitverein-roehlingen.de\/html\/wordpress\/index.php?rest_route=\/wp\/v2\/users\/2"}],"replies":[{"embeddable":true,"href":"https:\/\/www.reitverein-roehlingen.de\/html\/wordpress\/index.php?rest_route=%2Fwp%2Fv2%2Fcomments&post=819"}],"version-history":[{"count":2,"href":"https:\/\/www.reitverein-roehlingen.de\/html\/wordpress\/index.php?rest_route=\/wp\/v2\/posts\/819\/revisions"}],"predecessor-version":[{"id":1689,"href":"https:\/\/www.reitverein-roehlingen.de\/html\/wordpress\/index.php?rest_route=\/wp\/v2\/posts\/819\/revisions\/1689"}],"wp:attachment":[{"href":"https:\/\/www.reitverein-roehlingen.de\/html\/wordpress\/index.php?rest_route=%2Fwp%2Fv2%2Fmedia&parent=819"}],"wp:term":[{"taxonomy":"category","embeddable":true,"href":"https:\/\/www.reitverein-roehlingen.de\/html\/wordpress\/index.php?rest_route=%2Fwp%2Fv2%2Fcategories&post=819"},{"taxonomy":"post_tag","embeddable":true,"href":"https:\/\/www.reitverein-roehlingen.de\/html\/wordpress\/index.php?rest_route=%2Fwp%2Fv2%2Ftags&post=819"}],"curies":[{"name":"wp","href":"https:\/\/api.w.org\/{rel}","templated":true}]}}