{"id":838,"date":"2008-12-28T12:16:18","date_gmt":"2008-12-28T12:16:18","guid":{"rendered":"http:\/\/www.reitverein-roehlingen.de\/html\/wordpress\/?p=838"},"modified":"2013-01-31T13:41:57","modified_gmt":"2013-01-31T13:41:57","slug":"jahresabschlussfeier","status":"publish","type":"post","link":"https:\/\/www.reitverein-roehlingen.de\/html\/wordpress\/?p=838","title":{"rendered":"Jahresabschlussfeier in Erpfental"},"content":{"rendered":"ELLWANGEN-R\u00d6HLINGEN (db) Am Sonntag, 28. Dezember hat der Reit- und Fahrverein R\u00f6hlingen die Jahresabschlu\u00dffeier in Erpfental in der M\u00fchle abgehalten. Bei dieser Feier gibt es einen R\u00fcckblick auf das vergangene Jahr und verdiente Mitglieder werden geehrt.\r\nIn diesem Jahr konnte der erste Vorsitzende Helmut Epacher auf ein sehr erfolgreiches Jahr zur\u00fcckblicken. Er wies auf verschiedene Renovierungsarbeiten hin, die get\u00e4tigt wurden und auch auf die Turniere des Jahres, das Voltigierturnier in <a href=\"https:\/\/www.reitverein-roehlingen.de\/html\/wordpress\/?p=838\" class=\"more-link\"> [...]  Weiterlesen<\/a>","protected":false},"excerpt":{"rendered":"<p>ELLWANGEN-R\u00d6HLINGEN (db) Am Sonntag, 28. Dezember hat der Reit- und Fahrverein R\u00f6hlingen die Jahresabschlu\u00dffeier in Erpfental in der M\u00fchle abgehalten. Bei dieser Feier gibt es einen R\u00fcckblick auf das vergangene Jahr und verdiente Mitglieder werden geehrt. In diesem Jahr konnte &hellip; <a href=\"https:\/\/www.reitverein-roehlingen.de\/html\/wordpress\/?p=838\">Weiterlesen <span class=\"meta-nav\">&rarr;<\/span><\/a><\/p>\n","protected":false},"author":2,"featured_media":0,"comment_status":"closed","ping_status":"closed","sticky":false,"template":"","format":"standard","meta":{"footnotes":""},"categories":[19,8],"tags":[],"class_list":["post-838","post","type-post","status-publish","format-standard","hentry","category-chronik","category-vereins-historie"],"_links":{"self":[{"href":"https:\/\/www.reitverein-roehlingen.de\/html\/wordpress\/index.php?rest_route=\/wp\/v2\/posts\/838","targetHints":{"allow":["GET"]}}],"collection":[{"href":"https:\/\/www.reitverein-roehlingen.de\/html\/wordpress\/index.php?rest_route=\/wp\/v2\/posts"}],"about":[{"href":"https:\/\/www.reitverein-roehlingen.de\/html\/wordpress\/index.php?rest_route=\/wp\/v2\/types\/post"}],"author":[{"embeddable":true,"href":"https:\/\/www.reitverein-roehlingen.de\/html\/wordpress\/index.php?rest_route=\/wp\/v2\/users\/2"}],"replies":[{"embeddable":true,"href":"https:\/\/www.reitverein-roehlingen.de\/html\/wordpress\/index.php?rest_route=%2Fwp%2Fv2%2Fcomments&post=838"}],"version-history":[{"count":5,"href":"https:\/\/www.reitverein-roehlingen.de\/html\/wordpress\/index.php?rest_route=\/wp\/v2\/posts\/838\/revisions"}],"predecessor-version":[{"id":3582,"href":"https:\/\/www.reitverein-roehlingen.de\/html\/wordpress\/index.php?rest_route=\/wp\/v2\/posts\/838\/revisions\/3582"}],"wp:attachment":[{"href":"https:\/\/www.reitverein-roehlingen.de\/html\/wordpress\/index.php?rest_route=%2Fwp%2Fv2%2Fmedia&parent=838"}],"wp:term":[{"taxonomy":"category","embeddable":true,"href":"https:\/\/www.reitverein-roehlingen.de\/html\/wordpress\/index.php?rest_route=%2Fwp%2Fv2%2Fcategories&post=838"},{"taxonomy":"post_tag","embeddable":true,"href":"https:\/\/www.reitverein-roehlingen.de\/html\/wordpress\/index.php?rest_route=%2Fwp%2Fv2%2Ftags&post=838"}],"curies":[{"name":"wp","href":"https:\/\/api.w.org\/{rel}","templated":true}]}}