{"id":841,"date":"2009-02-03T12:19:16","date_gmt":"2009-02-03T12:19:16","guid":{"rendered":"http:\/\/www.reitverein-roehlingen.de\/html\/wordpress\/?p=841"},"modified":"2012-07-08T18:46:57","modified_gmt":"2012-07-08T18:46:57","slug":"rohlinger-voltigierer-in-bad-boll","status":"publish","type":"post","link":"https:\/\/www.reitverein-roehlingen.de\/html\/wordpress\/?p=841","title":{"rendered":"R\u00f6hlinger Voltigierer in Bad Boll"},"content":{"rendered":"BAD BOLL \/R\u00d6HLINGEN (db) Am vergangenen Wochenende fanden in Bad Boll die ersten Wettk\u00e4mpfe f\u00fcr die Voltigierer in diesem Jahr statt. Auch aus dem Ostalbkreis \/ R\u00f6hlingen waren hier Voltigierer erfolgreich am Start.\r\nDas F\u00fcnfte Boller Volti Winterfestival l\u00e4utete f\u00fcr die Voltigierer die\u00a0Turniersaison 2009 ein. Trotz eisiger Temperaturen stellten sich die\u00a0Sportler den Wettk\u00e4mpfen in einer Turnhalle auf dem Holzpferd. In die\u00a0Wertung flossen auch ein Turnparcours und ein Theoriebogen.\r\nAm <a href=\"https:\/\/www.reitverein-roehlingen.de\/html\/wordpress\/?p=841\" class=\"more-link\"> [...]  Weiterlesen<\/a>","protected":false},"excerpt":{"rendered":"<p>BAD BOLL \/R\u00d6HLINGEN (db) Am vergangenen Wochenende fanden in Bad Boll die ersten Wettk\u00e4mpfe f\u00fcr die Voltigierer in diesem Jahr statt. Auch aus dem Ostalbkreis \/ R\u00f6hlingen waren hier Voltigierer erfolgreich am Start. Das F\u00fcnfte Boller Volti Winterfestival l\u00e4utete f\u00fcr &hellip; <a href=\"https:\/\/www.reitverein-roehlingen.de\/html\/wordpress\/?p=841\">Weiterlesen <span class=\"meta-nav\">&rarr;<\/span><\/a><\/p>\n","protected":false},"author":2,"featured_media":0,"comment_status":"closed","ping_status":"closed","sticky":false,"template":"","format":"standard","meta":{"footnotes":""},"categories":[19,8,27],"tags":[],"class_list":["post-841","post","type-post","status-publish","format-standard","hentry","category-chronik","category-vereins-historie","category-voltigieren"],"_links":{"self":[{"href":"https:\/\/www.reitverein-roehlingen.de\/html\/wordpress\/index.php?rest_route=\/wp\/v2\/posts\/841","targetHints":{"allow":["GET"]}}],"collection":[{"href":"https:\/\/www.reitverein-roehlingen.de\/html\/wordpress\/index.php?rest_route=\/wp\/v2\/posts"}],"about":[{"href":"https:\/\/www.reitverein-roehlingen.de\/html\/wordpress\/index.php?rest_route=\/wp\/v2\/types\/post"}],"author":[{"embeddable":true,"href":"https:\/\/www.reitverein-roehlingen.de\/html\/wordpress\/index.php?rest_route=\/wp\/v2\/users\/2"}],"replies":[{"embeddable":true,"href":"https:\/\/www.reitverein-roehlingen.de\/html\/wordpress\/index.php?rest_route=%2Fwp%2Fv2%2Fcomments&post=841"}],"version-history":[{"count":3,"href":"https:\/\/www.reitverein-roehlingen.de\/html\/wordpress\/index.php?rest_route=\/wp\/v2\/posts\/841\/revisions"}],"predecessor-version":[{"id":1869,"href":"https:\/\/www.reitverein-roehlingen.de\/html\/wordpress\/index.php?rest_route=\/wp\/v2\/posts\/841\/revisions\/1869"}],"wp:attachment":[{"href":"https:\/\/www.reitverein-roehlingen.de\/html\/wordpress\/index.php?rest_route=%2Fwp%2Fv2%2Fmedia&parent=841"}],"wp:term":[{"taxonomy":"category","embeddable":true,"href":"https:\/\/www.reitverein-roehlingen.de\/html\/wordpress\/index.php?rest_route=%2Fwp%2Fv2%2Fcategories&post=841"},{"taxonomy":"post_tag","embeddable":true,"href":"https:\/\/www.reitverein-roehlingen.de\/html\/wordpress\/index.php?rest_route=%2Fwp%2Fv2%2Ftags&post=841"}],"curies":[{"name":"wp","href":"https:\/\/api.w.org\/{rel}","templated":true}]}}