{"id":843,"date":"2009-03-07T12:20:32","date_gmt":"2009-03-07T12:20:32","guid":{"rendered":"http:\/\/www.reitverein-roehlingen.de\/html\/wordpress\/?p=843"},"modified":"2013-01-31T14:08:51","modified_gmt":"2013-01-31T14:08:51","slug":"jahreshauptversammlung-reit-und-fahrverein-rohlingen-3","status":"publish","type":"post","link":"https:\/\/www.reitverein-roehlingen.de\/html\/wordpress\/?p=843","title":{"rendered":"Jahreshauptversammlung Reit- und Fahrverein R\u00f6hlingen"},"content":{"rendered":"R\u00d6HLINGEN (db)- Der Reit- und Fahrverein R\u00f6hlingen hat am Freitag, 6. M\u00e4rz, in Pfahlheim im Gr\u00fcnen Baum seine Jahreshauptversammlung abgehalten. Der erste Vorsitzende Helmut Epacher konnte auf ein erfolgreiches Jahr zur\u00fcckblicken. Bei den abschlie\u00dfenden Wahlen wurden alle anstehenden \u00c4mter mit den bisherigen Inhabern wieder besetzt.\r\nZur Er\u00f6ffnung der Versammlung legte Epacher seinen Rechenschaftsbericht ab. Er blickte auf ein erfolgreiches und arbeitsreiches Jahr zur\u00fcck. In die Reitanlage <a href=\"https:\/\/www.reitverein-roehlingen.de\/html\/wordpress\/?p=843\" class=\"more-link\"> [...]  Weiterlesen<\/a>","protected":false},"excerpt":{"rendered":"<p>R\u00d6HLINGEN (db)- Der Reit- und Fahrverein R\u00f6hlingen hat am Freitag, 6. M\u00e4rz, in Pfahlheim im Gr\u00fcnen Baum seine Jahreshauptversammlung abgehalten. Der erste Vorsitzende Helmut Epacher konnte auf ein erfolgreiches Jahr zur\u00fcckblicken. Bei den abschlie\u00dfenden Wahlen wurden alle anstehenden \u00c4mter mit &hellip; <a href=\"https:\/\/www.reitverein-roehlingen.de\/html\/wordpress\/?p=843\">Weiterlesen <span class=\"meta-nav\">&rarr;<\/span><\/a><\/p>\n","protected":false},"author":2,"featured_media":0,"comment_status":"closed","ping_status":"closed","sticky":false,"template":"","format":"standard","meta":{"footnotes":""},"categories":[19,8],"tags":[],"class_list":["post-843","post","type-post","status-publish","format-standard","hentry","category-chronik","category-vereins-historie"],"_links":{"self":[{"href":"https:\/\/www.reitverein-roehlingen.de\/html\/wordpress\/index.php?rest_route=\/wp\/v2\/posts\/843","targetHints":{"allow":["GET"]}}],"collection":[{"href":"https:\/\/www.reitverein-roehlingen.de\/html\/wordpress\/index.php?rest_route=\/wp\/v2\/posts"}],"about":[{"href":"https:\/\/www.reitverein-roehlingen.de\/html\/wordpress\/index.php?rest_route=\/wp\/v2\/types\/post"}],"author":[{"embeddable":true,"href":"https:\/\/www.reitverein-roehlingen.de\/html\/wordpress\/index.php?rest_route=\/wp\/v2\/users\/2"}],"replies":[{"embeddable":true,"href":"https:\/\/www.reitverein-roehlingen.de\/html\/wordpress\/index.php?rest_route=%2Fwp%2Fv2%2Fcomments&post=843"}],"version-history":[{"count":5,"href":"https:\/\/www.reitverein-roehlingen.de\/html\/wordpress\/index.php?rest_route=\/wp\/v2\/posts\/843\/revisions"}],"predecessor-version":[{"id":3591,"href":"https:\/\/www.reitverein-roehlingen.de\/html\/wordpress\/index.php?rest_route=\/wp\/v2\/posts\/843\/revisions\/3591"}],"wp:attachment":[{"href":"https:\/\/www.reitverein-roehlingen.de\/html\/wordpress\/index.php?rest_route=%2Fwp%2Fv2%2Fmedia&parent=843"}],"wp:term":[{"taxonomy":"category","embeddable":true,"href":"https:\/\/www.reitverein-roehlingen.de\/html\/wordpress\/index.php?rest_route=%2Fwp%2Fv2%2Fcategories&post=843"},{"taxonomy":"post_tag","embeddable":true,"href":"https:\/\/www.reitverein-roehlingen.de\/html\/wordpress\/index.php?rest_route=%2Fwp%2Fv2%2Ftags&post=843"}],"curies":[{"name":"wp","href":"https:\/\/api.w.org\/{rel}","templated":true}]}}