{"id":869,"date":"2009-10-12T12:54:30","date_gmt":"2009-10-12T12:54:30","guid":{"rendered":"http:\/\/www.reitverein-roehlingen.de\/html\/wordpress\/?p=869"},"modified":"2013-01-31T14:37:12","modified_gmt":"2013-01-31T14:37:12","slug":"herbstausfahrt-in-rohlingen","status":"publish","type":"post","link":"https:\/\/www.reitverein-roehlingen.de\/html\/wordpress\/?p=869","title":{"rendered":"Fahrertag ein voller Erfolg"},"content":{"rendered":"R\u00d6HLINGEN (db) Am 11. Oktober veranstaltete der Reit- und Fahrverein R\u00f6hlingen seine erste Herbstausfahrt. Etwa drei\u00dfig Fahrer aus der Region waren gekommen, um die Fahrten entlang der Sechta und der Jagst mitzumachen.\r\nDer erste Vorsitzende Helmut Epacher zeigte sich sehr erfreut \u00fcber die gro\u00dfe Beteiligung seitens der Fahrer. Von allen Seiten gab es viel Lob.\r\nDie Fahrer werden inzwischen wieder mehr. Da\u00df an Veranstaltungen f\u00fcr die Fahrer Interesse besteht, zeigte die gro\u00dfe Beteiligung an <a href=\"https:\/\/www.reitverein-roehlingen.de\/html\/wordpress\/?p=869\" class=\"more-link\"> [...]  Weiterlesen<\/a>","protected":false},"excerpt":{"rendered":"<p>R\u00d6HLINGEN (db) Am 11. Oktober veranstaltete der Reit- und Fahrverein R\u00f6hlingen seine erste Herbstausfahrt. Etwa drei\u00dfig Fahrer aus der Region waren gekommen, um die Fahrten entlang der Sechta und der Jagst mitzumachen. Der erste Vorsitzende Helmut Epacher zeigte sich sehr &hellip; <a href=\"https:\/\/www.reitverein-roehlingen.de\/html\/wordpress\/?p=869\">Weiterlesen <span class=\"meta-nav\">&rarr;<\/span><\/a><\/p>\n","protected":false},"author":2,"featured_media":0,"comment_status":"closed","ping_status":"closed","sticky":false,"template":"","format":"standard","meta":{"footnotes":""},"categories":[19,8],"tags":[],"class_list":["post-869","post","type-post","status-publish","format-standard","hentry","category-chronik","category-vereins-historie"],"_links":{"self":[{"href":"https:\/\/www.reitverein-roehlingen.de\/html\/wordpress\/index.php?rest_route=\/wp\/v2\/posts\/869","targetHints":{"allow":["GET"]}}],"collection":[{"href":"https:\/\/www.reitverein-roehlingen.de\/html\/wordpress\/index.php?rest_route=\/wp\/v2\/posts"}],"about":[{"href":"https:\/\/www.reitverein-roehlingen.de\/html\/wordpress\/index.php?rest_route=\/wp\/v2\/types\/post"}],"author":[{"embeddable":true,"href":"https:\/\/www.reitverein-roehlingen.de\/html\/wordpress\/index.php?rest_route=\/wp\/v2\/users\/2"}],"replies":[{"embeddable":true,"href":"https:\/\/www.reitverein-roehlingen.de\/html\/wordpress\/index.php?rest_route=%2Fwp%2Fv2%2Fcomments&post=869"}],"version-history":[{"count":5,"href":"https:\/\/www.reitverein-roehlingen.de\/html\/wordpress\/index.php?rest_route=\/wp\/v2\/posts\/869\/revisions"}],"predecessor-version":[{"id":3603,"href":"https:\/\/www.reitverein-roehlingen.de\/html\/wordpress\/index.php?rest_route=\/wp\/v2\/posts\/869\/revisions\/3603"}],"wp:attachment":[{"href":"https:\/\/www.reitverein-roehlingen.de\/html\/wordpress\/index.php?rest_route=%2Fwp%2Fv2%2Fmedia&parent=869"}],"wp:term":[{"taxonomy":"category","embeddable":true,"href":"https:\/\/www.reitverein-roehlingen.de\/html\/wordpress\/index.php?rest_route=%2Fwp%2Fv2%2Fcategories&post=869"},{"taxonomy":"post_tag","embeddable":true,"href":"https:\/\/www.reitverein-roehlingen.de\/html\/wordpress\/index.php?rest_route=%2Fwp%2Fv2%2Ftags&post=869"}],"curies":[{"name":"wp","href":"https:\/\/api.w.org\/{rel}","templated":true}]}}