{"id":898,"date":"2009-12-29T06:08:13","date_gmt":"2009-12-29T06:08:13","guid":{"rendered":"http:\/\/www.reitverein-roehlingen.de\/html\/wordpress\/?p=898"},"modified":"2013-01-31T14:44:57","modified_gmt":"2013-01-31T14:44:57","slug":"jahresabschlus-reitverein-rohlingen","status":"publish","type":"post","link":"https:\/\/www.reitverein-roehlingen.de\/html\/wordpress\/?p=898","title":{"rendered":"Jahresabschlu\u00df Reitverein R\u00f6hlingen"},"content":{"rendered":"R\u00d6HLINGEN\/ NEUNHEIM (db) Der Reit- und Fahrverein R\u00f6hlingen veranstaltete am Montag, 28. Dezember im Gasthaus Hirsch in Neunheim seine Jahresabschlu\u00dffeier. Der erste Vorsitzende Helmut Epacher konnte auf ein ereignisreiches Jahr zur\u00fcckblicken.\r\nEpacher f\u00fchrte den zahlreichen anwesenden Mitgliedern einen R\u00fcckblick auf das Jahr 2009 vor. Besonders hervorzuheben unter den vielen Veranstaltungen waren hier das Voltigierturnier, das Jugendturnier, die Herbstausfahrt, das Freispringchampionat und <a href=\"https:\/\/www.reitverein-roehlingen.de\/html\/wordpress\/?p=898\" class=\"more-link\"> [...]  Weiterlesen<\/a>","protected":false},"excerpt":{"rendered":"<p>R\u00d6HLINGEN\/ NEUNHEIM (db) Der Reit- und Fahrverein R\u00f6hlingen veranstaltete am Montag, 28. Dezember im Gasthaus Hirsch in Neunheim seine Jahresabschlu\u00dffeier. Der erste Vorsitzende Helmut Epacher konnte auf ein ereignisreiches Jahr zur\u00fcckblicken. Epacher f\u00fchrte den zahlreichen anwesenden Mitgliedern einen R\u00fcckblick auf &hellip; <a href=\"https:\/\/www.reitverein-roehlingen.de\/html\/wordpress\/?p=898\">Weiterlesen <span class=\"meta-nav\">&rarr;<\/span><\/a><\/p>\n","protected":false},"author":2,"featured_media":0,"comment_status":"closed","ping_status":"closed","sticky":false,"template":"","format":"standard","meta":{"footnotes":""},"categories":[19,8],"tags":[],"class_list":["post-898","post","type-post","status-publish","format-standard","hentry","category-chronik","category-vereins-historie"],"_links":{"self":[{"href":"https:\/\/www.reitverein-roehlingen.de\/html\/wordpress\/index.php?rest_route=\/wp\/v2\/posts\/898","targetHints":{"allow":["GET"]}}],"collection":[{"href":"https:\/\/www.reitverein-roehlingen.de\/html\/wordpress\/index.php?rest_route=\/wp\/v2\/posts"}],"about":[{"href":"https:\/\/www.reitverein-roehlingen.de\/html\/wordpress\/index.php?rest_route=\/wp\/v2\/types\/post"}],"author":[{"embeddable":true,"href":"https:\/\/www.reitverein-roehlingen.de\/html\/wordpress\/index.php?rest_route=\/wp\/v2\/users\/2"}],"replies":[{"embeddable":true,"href":"https:\/\/www.reitverein-roehlingen.de\/html\/wordpress\/index.php?rest_route=%2Fwp%2Fv2%2Fcomments&post=898"}],"version-history":[{"count":4,"href":"https:\/\/www.reitverein-roehlingen.de\/html\/wordpress\/index.php?rest_route=\/wp\/v2\/posts\/898\/revisions"}],"predecessor-version":[{"id":3606,"href":"https:\/\/www.reitverein-roehlingen.de\/html\/wordpress\/index.php?rest_route=\/wp\/v2\/posts\/898\/revisions\/3606"}],"wp:attachment":[{"href":"https:\/\/www.reitverein-roehlingen.de\/html\/wordpress\/index.php?rest_route=%2Fwp%2Fv2%2Fmedia&parent=898"}],"wp:term":[{"taxonomy":"category","embeddable":true,"href":"https:\/\/www.reitverein-roehlingen.de\/html\/wordpress\/index.php?rest_route=%2Fwp%2Fv2%2Fcategories&post=898"},{"taxonomy":"post_tag","embeddable":true,"href":"https:\/\/www.reitverein-roehlingen.de\/html\/wordpress\/index.php?rest_route=%2Fwp%2Fv2%2Ftags&post=898"}],"curies":[{"name":"wp","href":"https:\/\/api.w.org\/{rel}","templated":true}]}}