{"id":900,"date":"2010-01-10T06:09:24","date_gmt":"2010-01-10T06:09:24","guid":{"rendered":"http:\/\/www.reitverein-roehlingen.de\/html\/wordpress\/?p=900"},"modified":"2012-07-08T18:10:34","modified_gmt":"2012-07-08T18:10:34","slug":"80-geburtstag-in-erpfental","status":"publish","type":"post","link":"https:\/\/www.reitverein-roehlingen.de\/html\/wordpress\/?p=900","title":{"rendered":"80. Geburtstag in Erpfental"},"content":{"rendered":"R\u00d6HLINGEN (db) Am Montag, 04. Januar, feierte Otto Helmle aus Erpfental seinen 80. Geburtstag. Zu Ehren ihres Mitgliedes schickte der Reit- und Fahrverein R\u00f6hlingen an Dreik\u00f6nig eine gro\u00dfe Standartenabordnung und eine Kutsche vorbei. Zur Freude des Jubilars durfte er mit der Kutsche, gefahren von Martin Esdar, eine Runde durch das Dorf fahren und wurde p\u00fcnktlich zum Mittagessen in der Gastst\u00e4tte \"Zur M\u00fchle\" abgesetzt.\r\nOtto Helmle geh\u00f6rte lange Jahre, von 1972 bis 1994, zum Ortschafts- und <a href=\"https:\/\/www.reitverein-roehlingen.de\/html\/wordpress\/?p=900\" class=\"more-link\"> [...]  Weiterlesen<\/a>","protected":false},"excerpt":{"rendered":"<p>R\u00d6HLINGEN (db) Am Montag, 04. Januar, feierte Otto Helmle aus Erpfental seinen 80. Geburtstag. Zu Ehren ihres Mitgliedes schickte der Reit- und Fahrverein R\u00f6hlingen an Dreik\u00f6nig eine gro\u00dfe Standartenabordnung und eine Kutsche vorbei. Zur Freude des Jubilars durfte er mit &hellip; <a href=\"https:\/\/www.reitverein-roehlingen.de\/html\/wordpress\/?p=900\">Weiterlesen <span class=\"meta-nav\">&rarr;<\/span><\/a><\/p>\n","protected":false},"author":2,"featured_media":0,"comment_status":"closed","ping_status":"closed","sticky":false,"template":"","format":"standard","meta":{"footnotes":""},"categories":[28,19,8],"tags":[],"class_list":["post-900","post","type-post","status-publish","format-standard","hentry","category-besondere-mitglieder-und-personen","category-chronik","category-vereins-historie"],"_links":{"self":[{"href":"https:\/\/www.reitverein-roehlingen.de\/html\/wordpress\/index.php?rest_route=\/wp\/v2\/posts\/900","targetHints":{"allow":["GET"]}}],"collection":[{"href":"https:\/\/www.reitverein-roehlingen.de\/html\/wordpress\/index.php?rest_route=\/wp\/v2\/posts"}],"about":[{"href":"https:\/\/www.reitverein-roehlingen.de\/html\/wordpress\/index.php?rest_route=\/wp\/v2\/types\/post"}],"author":[{"embeddable":true,"href":"https:\/\/www.reitverein-roehlingen.de\/html\/wordpress\/index.php?rest_route=\/wp\/v2\/users\/2"}],"replies":[{"embeddable":true,"href":"https:\/\/www.reitverein-roehlingen.de\/html\/wordpress\/index.php?rest_route=%2Fwp%2Fv2%2Fcomments&post=900"}],"version-history":[{"count":4,"href":"https:\/\/www.reitverein-roehlingen.de\/html\/wordpress\/index.php?rest_route=\/wp\/v2\/posts\/900\/revisions"}],"predecessor-version":[{"id":3608,"href":"https:\/\/www.reitverein-roehlingen.de\/html\/wordpress\/index.php?rest_route=\/wp\/v2\/posts\/900\/revisions\/3608"}],"wp:attachment":[{"href":"https:\/\/www.reitverein-roehlingen.de\/html\/wordpress\/index.php?rest_route=%2Fwp%2Fv2%2Fmedia&parent=900"}],"wp:term":[{"taxonomy":"category","embeddable":true,"href":"https:\/\/www.reitverein-roehlingen.de\/html\/wordpress\/index.php?rest_route=%2Fwp%2Fv2%2Fcategories&post=900"},{"taxonomy":"post_tag","embeddable":true,"href":"https:\/\/www.reitverein-roehlingen.de\/html\/wordpress\/index.php?rest_route=%2Fwp%2Fv2%2Ftags&post=900"}],"curies":[{"name":"wp","href":"https:\/\/api.w.org\/{rel}","templated":true}]}}