{"id":902,"date":"2010-03-06T06:10:36","date_gmt":"2010-03-06T06:10:36","guid":{"rendered":"http:\/\/www.reitverein-roehlingen.de\/html\/wordpress\/?p=902"},"modified":"2013-01-31T18:34:53","modified_gmt":"2013-01-31T18:34:53","slug":"jahreshauptversammlung-reit-und-fahrverein-rohlingen-4","status":"publish","type":"post","link":"https:\/\/www.reitverein-roehlingen.de\/html\/wordpress\/?p=902","title":{"rendered":"Hauptversammlung bringt neue Gesichter"},"content":{"rendered":"R\u00d6HLINGEN (db)- Der Reit- und Fahrverein R\u00f6hlingen hat am Freitag, 5. M\u00e4rz, in Erpfental im Gasthaus \u201eZur M\u00fchle\u201c seine Jahreshauptversammlung abgehalten. Der erste Vorsitzende Helmut Epacher konnte auf ein erfolgreiches Jahr zur\u00fcckblicken. Bei den abschlie\u00dfenden Wahlen konnten fast alle \u00c4mter wieder besetzt werden.\r\nZur Er\u00f6ffnung der Veranstaltung begr\u00fc\u00dfte Epacher die Ehrenmitglieder Otto B\u00fchler und Eugen Haas, der Ortsvorsteher Peter M\u00fcller und die Seniormitglieder Otto Helmle und <a href=\"https:\/\/www.reitverein-roehlingen.de\/html\/wordpress\/?p=902\" class=\"more-link\"> [...]  Weiterlesen<\/a>","protected":false},"excerpt":{"rendered":"<p>R\u00d6HLINGEN (db)- Der Reit- und Fahrverein R\u00f6hlingen hat am Freitag, 5. M\u00e4rz, in Erpfental im Gasthaus \u201eZur M\u00fchle\u201c seine Jahreshauptversammlung abgehalten. Der erste Vorsitzende Helmut Epacher konnte auf ein erfolgreiches Jahr zur\u00fcckblicken. Bei den abschlie\u00dfenden Wahlen konnten fast alle \u00c4mter &hellip; <a href=\"https:\/\/www.reitverein-roehlingen.de\/html\/wordpress\/?p=902\">Weiterlesen <span class=\"meta-nav\">&rarr;<\/span><\/a><\/p>\n","protected":false},"author":2,"featured_media":0,"comment_status":"closed","ping_status":"closed","sticky":false,"template":"","format":"standard","meta":{"footnotes":""},"categories":[19,8],"tags":[],"class_list":["post-902","post","type-post","status-publish","format-standard","hentry","category-chronik","category-vereins-historie"],"_links":{"self":[{"href":"https:\/\/www.reitverein-roehlingen.de\/html\/wordpress\/index.php?rest_route=\/wp\/v2\/posts\/902","targetHints":{"allow":["GET"]}}],"collection":[{"href":"https:\/\/www.reitverein-roehlingen.de\/html\/wordpress\/index.php?rest_route=\/wp\/v2\/posts"}],"about":[{"href":"https:\/\/www.reitverein-roehlingen.de\/html\/wordpress\/index.php?rest_route=\/wp\/v2\/types\/post"}],"author":[{"embeddable":true,"href":"https:\/\/www.reitverein-roehlingen.de\/html\/wordpress\/index.php?rest_route=\/wp\/v2\/users\/2"}],"replies":[{"embeddable":true,"href":"https:\/\/www.reitverein-roehlingen.de\/html\/wordpress\/index.php?rest_route=%2Fwp%2Fv2%2Fcomments&post=902"}],"version-history":[{"count":7,"href":"https:\/\/www.reitverein-roehlingen.de\/html\/wordpress\/index.php?rest_route=\/wp\/v2\/posts\/902\/revisions"}],"predecessor-version":[{"id":3612,"href":"https:\/\/www.reitverein-roehlingen.de\/html\/wordpress\/index.php?rest_route=\/wp\/v2\/posts\/902\/revisions\/3612"}],"wp:attachment":[{"href":"https:\/\/www.reitverein-roehlingen.de\/html\/wordpress\/index.php?rest_route=%2Fwp%2Fv2%2Fmedia&parent=902"}],"wp:term":[{"taxonomy":"category","embeddable":true,"href":"https:\/\/www.reitverein-roehlingen.de\/html\/wordpress\/index.php?rest_route=%2Fwp%2Fv2%2Fcategories&post=902"},{"taxonomy":"post_tag","embeddable":true,"href":"https:\/\/www.reitverein-roehlingen.de\/html\/wordpress\/index.php?rest_route=%2Fwp%2Fv2%2Ftags&post=902"}],"curies":[{"name":"wp","href":"https:\/\/api.w.org\/{rel}","templated":true}]}}