{"id":908,"date":"2010-06-12T06:13:56","date_gmt":"2010-06-12T06:13:56","guid":{"rendered":"http:\/\/www.reitverein-roehlingen.de\/html\/wordpress\/?p=908"},"modified":"2012-07-09T06:38:09","modified_gmt":"2012-07-09T06:38:09","slug":"60-geburtstag-wolfgang-walter","status":"publish","type":"post","link":"https:\/\/www.reitverein-roehlingen.de\/html\/wordpress\/?p=908","title":{"rendered":"60. Geburtstag Wolfgang Walter"},"content":{"rendered":"ELLWANGEN-KILLINGEN (db) Am Samstag, 12. Juni feierte Wolfgang Walter aus Killingen seinen sechzigsten Geburtstag. Wolfgang Walter ist seit drei\u00dfig Jahren Mitglied im Reit- und Fahrverein R\u00f6hlingen und hat in dieser Zeit schon sehr viel f\u00fcr den Verein getan. Unter anderem hatte er auch bei der Konstruktion der Reithalle geholfen. Aber auch in vielen anderen Bereichen der Pferdesports ist er sehr aktiv. 1976 geh\u00f6rte er zu den Gr\u00fcndern des jetzigen Pferdesportkreises (PSK) Ostalb. Seit 11 Jahren <a href=\"https:\/\/www.reitverein-roehlingen.de\/html\/wordpress\/?p=908\" class=\"more-link\"> [...]  Weiterlesen<\/a>","protected":false},"excerpt":{"rendered":"<p>ELLWANGEN-KILLINGEN (db) Am Samstag, 12. Juni feierte Wolfgang Walter aus Killingen seinen sechzigsten Geburtstag. Wolfgang Walter ist seit drei\u00dfig Jahren Mitglied im Reit- und Fahrverein R\u00f6hlingen und hat in dieser Zeit schon sehr viel f\u00fcr den Verein getan. Unter anderem &hellip; <a href=\"https:\/\/www.reitverein-roehlingen.de\/html\/wordpress\/?p=908\">Weiterlesen <span class=\"meta-nav\">&rarr;<\/span><\/a><\/p>\n","protected":false},"author":2,"featured_media":0,"comment_status":"closed","ping_status":"closed","sticky":false,"template":"","format":"standard","meta":{"footnotes":""},"categories":[28,19,8],"tags":[],"class_list":["post-908","post","type-post","status-publish","format-standard","hentry","category-besondere-mitglieder-und-personen","category-chronik","category-vereins-historie"],"_links":{"self":[{"href":"https:\/\/www.reitverein-roehlingen.de\/html\/wordpress\/index.php?rest_route=\/wp\/v2\/posts\/908","targetHints":{"allow":["GET"]}}],"collection":[{"href":"https:\/\/www.reitverein-roehlingen.de\/html\/wordpress\/index.php?rest_route=\/wp\/v2\/posts"}],"about":[{"href":"https:\/\/www.reitverein-roehlingen.de\/html\/wordpress\/index.php?rest_route=\/wp\/v2\/types\/post"}],"author":[{"embeddable":true,"href":"https:\/\/www.reitverein-roehlingen.de\/html\/wordpress\/index.php?rest_route=\/wp\/v2\/users\/2"}],"replies":[{"embeddable":true,"href":"https:\/\/www.reitverein-roehlingen.de\/html\/wordpress\/index.php?rest_route=%2Fwp%2Fv2%2Fcomments&post=908"}],"version-history":[{"count":4,"href":"https:\/\/www.reitverein-roehlingen.de\/html\/wordpress\/index.php?rest_route=\/wp\/v2\/posts\/908\/revisions"}],"predecessor-version":[{"id":1905,"href":"https:\/\/www.reitverein-roehlingen.de\/html\/wordpress\/index.php?rest_route=\/wp\/v2\/posts\/908\/revisions\/1905"}],"wp:attachment":[{"href":"https:\/\/www.reitverein-roehlingen.de\/html\/wordpress\/index.php?rest_route=%2Fwp%2Fv2%2Fmedia&parent=908"}],"wp:term":[{"taxonomy":"category","embeddable":true,"href":"https:\/\/www.reitverein-roehlingen.de\/html\/wordpress\/index.php?rest_route=%2Fwp%2Fv2%2Fcategories&post=908"},{"taxonomy":"post_tag","embeddable":true,"href":"https:\/\/www.reitverein-roehlingen.de\/html\/wordpress\/index.php?rest_route=%2Fwp%2Fv2%2Ftags&post=908"}],"curies":[{"name":"wp","href":"https:\/\/api.w.org\/{rel}","templated":true}]}}