{"id":913,"date":"2010-10-22T06:20:14","date_gmt":"2010-10-22T06:20:14","guid":{"rendered":"http:\/\/www.reitverein-roehlingen.de\/html\/wordpress\/?p=913"},"modified":"2012-07-09T06:33:50","modified_gmt":"2012-07-09T06:33:50","slug":"geburtstag-georg-gosele","status":"publish","type":"post","link":"https:\/\/www.reitverein-roehlingen.de\/html\/wordpress\/?p=913","title":{"rendered":"Geburtstag Georg G\u00f6sele"},"content":{"rendered":"ELLWANGEN-R\u00d6HLINGEN (db)-Am Freitag, 22. Oktober, feierte Georg G\u00f6sele sen. in R\u00f6hlingen seinen achtzigsten Geburtstag. Er geh\u00f6rt zu den Menschen, die das kommunalpolitische Leben in R\u00f6hlingen entscheidend gepr\u00e4gt haben.\r\nGeorg G\u00f6sele sen. wurde 1930 in Ellwangen geboren, wuchs in Weilermerkingen bei Neresheim auf und kam 1950 als Schmied und Hufschmied zur Firma Kurz in R\u00f6hlingen. Dort lernte er seine Frau Maria kennen, mit der er 9 Kinder und mittlerweile 20 Enkelkinder hat.\r\nG\u00f6sele ist <a href=\"https:\/\/www.reitverein-roehlingen.de\/html\/wordpress\/?p=913\" class=\"more-link\"> [...]  Weiterlesen<\/a>","protected":false},"excerpt":{"rendered":"<p>ELLWANGEN-R\u00d6HLINGEN (db)-Am Freitag, 22. Oktober, feierte Georg G\u00f6sele sen. in R\u00f6hlingen seinen achtzigsten Geburtstag. Er geh\u00f6rt zu den Menschen, die das kommunalpolitische Leben in R\u00f6hlingen entscheidend gepr\u00e4gt haben. Georg G\u00f6sele sen. wurde 1930 in Ellwangen geboren, wuchs in Weilermerkingen bei &hellip; <a href=\"https:\/\/www.reitverein-roehlingen.de\/html\/wordpress\/?p=913\">Weiterlesen <span class=\"meta-nav\">&rarr;<\/span><\/a><\/p>\n","protected":false},"author":2,"featured_media":0,"comment_status":"closed","ping_status":"closed","sticky":false,"template":"","format":"standard","meta":{"footnotes":""},"categories":[28,19,8],"tags":[],"class_list":["post-913","post","type-post","status-publish","format-standard","hentry","category-besondere-mitglieder-und-personen","category-chronik","category-vereins-historie"],"_links":{"self":[{"href":"https:\/\/www.reitverein-roehlingen.de\/html\/wordpress\/index.php?rest_route=\/wp\/v2\/posts\/913","targetHints":{"allow":["GET"]}}],"collection":[{"href":"https:\/\/www.reitverein-roehlingen.de\/html\/wordpress\/index.php?rest_route=\/wp\/v2\/posts"}],"about":[{"href":"https:\/\/www.reitverein-roehlingen.de\/html\/wordpress\/index.php?rest_route=\/wp\/v2\/types\/post"}],"author":[{"embeddable":true,"href":"https:\/\/www.reitverein-roehlingen.de\/html\/wordpress\/index.php?rest_route=\/wp\/v2\/users\/2"}],"replies":[{"embeddable":true,"href":"https:\/\/www.reitverein-roehlingen.de\/html\/wordpress\/index.php?rest_route=%2Fwp%2Fv2%2Fcomments&post=913"}],"version-history":[{"count":5,"href":"https:\/\/www.reitverein-roehlingen.de\/html\/wordpress\/index.php?rest_route=\/wp\/v2\/posts\/913\/revisions"}],"predecessor-version":[{"id":3624,"href":"https:\/\/www.reitverein-roehlingen.de\/html\/wordpress\/index.php?rest_route=\/wp\/v2\/posts\/913\/revisions\/3624"}],"wp:attachment":[{"href":"https:\/\/www.reitverein-roehlingen.de\/html\/wordpress\/index.php?rest_route=%2Fwp%2Fv2%2Fmedia&parent=913"}],"wp:term":[{"taxonomy":"category","embeddable":true,"href":"https:\/\/www.reitverein-roehlingen.de\/html\/wordpress\/index.php?rest_route=%2Fwp%2Fv2%2Fcategories&post=913"},{"taxonomy":"post_tag","embeddable":true,"href":"https:\/\/www.reitverein-roehlingen.de\/html\/wordpress\/index.php?rest_route=%2Fwp%2Fv2%2Ftags&post=913"}],"curies":[{"name":"wp","href":"https:\/\/api.w.org\/{rel}","templated":true}]}}