{"id":920,"date":"2010-12-29T06:27:49","date_gmt":"2010-12-29T06:27:49","guid":{"rendered":"http:\/\/www.reitverein-roehlingen.de\/html\/wordpress\/?p=920"},"modified":"2013-01-31T18:55:22","modified_gmt":"2013-01-31T18:55:22","slug":"jahresabschlussfeier-2","status":"publish","type":"post","link":"https:\/\/www.reitverein-roehlingen.de\/html\/wordpress\/?p=920","title":{"rendered":"Jahresabschlussfeier"},"content":{"rendered":"R\u00d6HLINGEN\/ PFAHLHEIM (db) Der Reit- und Fahrverein R\u00f6hlingen veranstaltete am Dienstag, 28. Dezember im Gasthaus Gr\u00fcner Baum in Pfahlheim seine Jahresabschlu\u00dffeier. Der erste Vorsitzende Helmut Epacher konnte auf ein ereignisreiches Jahr zur\u00fcckblicken.\r\nEpacher f\u00fchrte den zahlreichen anwesenden Mitgliedern einen R\u00fcckblick auf das Jahr 2010 vor. Besonders hervorzuheben unter den vielen Veranstaltungen waren hier das Turnier, das Freispringchampionat und das Nikolausreiten. Der Verein war auch <a href=\"https:\/\/www.reitverein-roehlingen.de\/html\/wordpress\/?p=920\" class=\"more-link\"> [...]  Weiterlesen<\/a>","protected":false},"excerpt":{"rendered":"<p>R\u00d6HLINGEN\/ PFAHLHEIM (db) Der Reit- und Fahrverein R\u00f6hlingen veranstaltete am Dienstag, 28. Dezember im Gasthaus Gr\u00fcner Baum in Pfahlheim seine Jahresabschlu\u00dffeier. Der erste Vorsitzende Helmut Epacher konnte auf ein ereignisreiches Jahr zur\u00fcckblicken. Epacher f\u00fchrte den zahlreichen anwesenden Mitgliedern einen R\u00fcckblick &hellip; <a href=\"https:\/\/www.reitverein-roehlingen.de\/html\/wordpress\/?p=920\">Weiterlesen <span class=\"meta-nav\">&rarr;<\/span><\/a><\/p>\n","protected":false},"author":2,"featured_media":0,"comment_status":"closed","ping_status":"closed","sticky":false,"template":"","format":"standard","meta":{"footnotes":""},"categories":[19,8],"tags":[],"class_list":["post-920","post","type-post","status-publish","format-standard","hentry","category-chronik","category-vereins-historie"],"_links":{"self":[{"href":"https:\/\/www.reitverein-roehlingen.de\/html\/wordpress\/index.php?rest_route=\/wp\/v2\/posts\/920","targetHints":{"allow":["GET"]}}],"collection":[{"href":"https:\/\/www.reitverein-roehlingen.de\/html\/wordpress\/index.php?rest_route=\/wp\/v2\/posts"}],"about":[{"href":"https:\/\/www.reitverein-roehlingen.de\/html\/wordpress\/index.php?rest_route=\/wp\/v2\/types\/post"}],"author":[{"embeddable":true,"href":"https:\/\/www.reitverein-roehlingen.de\/html\/wordpress\/index.php?rest_route=\/wp\/v2\/users\/2"}],"replies":[{"embeddable":true,"href":"https:\/\/www.reitverein-roehlingen.de\/html\/wordpress\/index.php?rest_route=%2Fwp%2Fv2%2Fcomments&post=920"}],"version-history":[{"count":5,"href":"https:\/\/www.reitverein-roehlingen.de\/html\/wordpress\/index.php?rest_route=\/wp\/v2\/posts\/920\/revisions"}],"predecessor-version":[{"id":3626,"href":"https:\/\/www.reitverein-roehlingen.de\/html\/wordpress\/index.php?rest_route=\/wp\/v2\/posts\/920\/revisions\/3626"}],"wp:attachment":[{"href":"https:\/\/www.reitverein-roehlingen.de\/html\/wordpress\/index.php?rest_route=%2Fwp%2Fv2%2Fmedia&parent=920"}],"wp:term":[{"taxonomy":"category","embeddable":true,"href":"https:\/\/www.reitverein-roehlingen.de\/html\/wordpress\/index.php?rest_route=%2Fwp%2Fv2%2Fcategories&post=920"},{"taxonomy":"post_tag","embeddable":true,"href":"https:\/\/www.reitverein-roehlingen.de\/html\/wordpress\/index.php?rest_route=%2Fwp%2Fv2%2Ftags&post=920"}],"curies":[{"name":"wp","href":"https:\/\/api.w.org\/{rel}","templated":true}]}}