{"id":928,"date":"2011-07-15T06:31:23","date_gmt":"2011-07-15T06:31:23","guid":{"rendered":"http:\/\/www.reitverein-roehlingen.de\/html\/wordpress\/?p=928"},"modified":"2012-07-08T17:42:07","modified_gmt":"2012-07-08T17:42:07","slug":"geburtstag-gunther-gerold","status":"publish","type":"post","link":"https:\/\/www.reitverein-roehlingen.de\/html\/wordpress\/?p=928","title":{"rendered":"Geburtstag G\u00fcnther Gerold"},"content":{"rendered":"R\u00d6HLINGEN (db) Am Freitag, 15. Juli feierte G\u00fcnther Gerold seinen siebzigsten Geburtstag. Zu den Gratulanten geh\u00f6rten auch eine Standartenabordnung zu Pferde des R\u00f6hlinger Reit- und Fahrvereins. Der Musikverein und der M\u00e4nnergesangsverein waren ebenfalls dabei und gaben ihrem Mitglied ein St\u00e4ndchen. Gerold wurde 1941 in M\u00f6hren bei Treuchtlingen geboren und kam 1955 nach R\u00f6hlingen. Sein Vater etablierte dort den bis heute im Familienbesitz befindlichen Getr\u00e4nkehandel. Gerold selbst ist Mitglied <a href=\"https:\/\/www.reitverein-roehlingen.de\/html\/wordpress\/?p=928\" class=\"more-link\"> [...]  Weiterlesen<\/a>","protected":false},"excerpt":{"rendered":"<p>R\u00d6HLINGEN (db) Am Freitag, 15. Juli feierte G\u00fcnther Gerold seinen siebzigsten Geburtstag. Zu den Gratulanten geh\u00f6rten auch eine Standartenabordnung zu Pferde des R\u00f6hlinger Reit- und Fahrvereins. Der Musikverein und der M\u00e4nnergesangsverein waren ebenfalls dabei und gaben ihrem Mitglied ein St\u00e4ndchen. &hellip; <a href=\"https:\/\/www.reitverein-roehlingen.de\/html\/wordpress\/?p=928\">Weiterlesen <span class=\"meta-nav\">&rarr;<\/span><\/a><\/p>\n","protected":false},"author":2,"featured_media":0,"comment_status":"closed","ping_status":"closed","sticky":false,"template":"","format":"standard","meta":{"footnotes":""},"categories":[19,8],"tags":[],"class_list":["post-928","post","type-post","status-publish","format-standard","hentry","category-chronik","category-vereins-historie"],"_links":{"self":[{"href":"https:\/\/www.reitverein-roehlingen.de\/html\/wordpress\/index.php?rest_route=\/wp\/v2\/posts\/928","targetHints":{"allow":["GET"]}}],"collection":[{"href":"https:\/\/www.reitverein-roehlingen.de\/html\/wordpress\/index.php?rest_route=\/wp\/v2\/posts"}],"about":[{"href":"https:\/\/www.reitverein-roehlingen.de\/html\/wordpress\/index.php?rest_route=\/wp\/v2\/types\/post"}],"author":[{"embeddable":true,"href":"https:\/\/www.reitverein-roehlingen.de\/html\/wordpress\/index.php?rest_route=\/wp\/v2\/users\/2"}],"replies":[{"embeddable":true,"href":"https:\/\/www.reitverein-roehlingen.de\/html\/wordpress\/index.php?rest_route=%2Fwp%2Fv2%2Fcomments&post=928"}],"version-history":[{"count":4,"href":"https:\/\/www.reitverein-roehlingen.de\/html\/wordpress\/index.php?rest_route=\/wp\/v2\/posts\/928\/revisions"}],"predecessor-version":[{"id":3632,"href":"https:\/\/www.reitverein-roehlingen.de\/html\/wordpress\/index.php?rest_route=\/wp\/v2\/posts\/928\/revisions\/3632"}],"wp:attachment":[{"href":"https:\/\/www.reitverein-roehlingen.de\/html\/wordpress\/index.php?rest_route=%2Fwp%2Fv2%2Fmedia&parent=928"}],"wp:term":[{"taxonomy":"category","embeddable":true,"href":"https:\/\/www.reitverein-roehlingen.de\/html\/wordpress\/index.php?rest_route=%2Fwp%2Fv2%2Fcategories&post=928"},{"taxonomy":"post_tag","embeddable":true,"href":"https:\/\/www.reitverein-roehlingen.de\/html\/wordpress\/index.php?rest_route=%2Fwp%2Fv2%2Ftags&post=928"}],"curies":[{"name":"wp","href":"https:\/\/api.w.org\/{rel}","templated":true}]}}