{"id":930,"date":"2011-08-20T06:32:21","date_gmt":"2011-08-20T06:32:21","guid":{"rendered":"http:\/\/www.reitverein-roehlingen.de\/html\/wordpress\/?p=930"},"modified":"2012-07-09T06:26:01","modified_gmt":"2012-07-09T06:26:01","slug":"ferienprogramm","status":"publish","type":"post","link":"https:\/\/www.reitverein-roehlingen.de\/html\/wordpress\/?p=930","title":{"rendered":"Ferienprogramm"},"content":{"rendered":"R\u00d6HLINGEN (db) Am Samstag, 20. August fand in der Reithalle des Reit- und Fahrvereins R\u00f6hlingen das diesj\u00e4hrige Ferienprogramm statt. 15 Kinder aus R\u00f6hlingen und der Umgebung waren begeistert dabei. Geboten war den Kindern ein volles Programm. Auf dem Voltigierpferd Jacko durften die Kinder verschiedene Voltigier\u00fcbungen ausprobieren. Inga Maierh\u00f6fer beaufsichtigte diese Gruppe. Damit die Wartezeit f\u00fcr die Kinder nicht so gro\u00df ist, war Larissa G\u00f6sele am Holzpferd. Hier machten die Kinder <a href=\"https:\/\/www.reitverein-roehlingen.de\/html\/wordpress\/?p=930\" class=\"more-link\"> [...]  Weiterlesen<\/a>","protected":false},"excerpt":{"rendered":"<p>R\u00d6HLINGEN (db) Am Samstag, 20. August fand in der Reithalle des Reit- und Fahrvereins R\u00f6hlingen das diesj\u00e4hrige Ferienprogramm statt. 15 Kinder aus R\u00f6hlingen und der Umgebung waren begeistert dabei. Geboten war den Kindern ein volles Programm. Auf dem Voltigierpferd Jacko &hellip; <a href=\"https:\/\/www.reitverein-roehlingen.de\/html\/wordpress\/?p=930\">Weiterlesen <span class=\"meta-nav\">&rarr;<\/span><\/a><\/p>\n","protected":false},"author":2,"featured_media":0,"comment_status":"closed","ping_status":"closed","sticky":false,"template":"","format":"standard","meta":{"footnotes":""},"categories":[19,8],"tags":[],"class_list":["post-930","post","type-post","status-publish","format-standard","hentry","category-chronik","category-vereins-historie"],"_links":{"self":[{"href":"https:\/\/www.reitverein-roehlingen.de\/html\/wordpress\/index.php?rest_route=\/wp\/v2\/posts\/930","targetHints":{"allow":["GET"]}}],"collection":[{"href":"https:\/\/www.reitverein-roehlingen.de\/html\/wordpress\/index.php?rest_route=\/wp\/v2\/posts"}],"about":[{"href":"https:\/\/www.reitverein-roehlingen.de\/html\/wordpress\/index.php?rest_route=\/wp\/v2\/types\/post"}],"author":[{"embeddable":true,"href":"https:\/\/www.reitverein-roehlingen.de\/html\/wordpress\/index.php?rest_route=\/wp\/v2\/users\/2"}],"replies":[{"embeddable":true,"href":"https:\/\/www.reitverein-roehlingen.de\/html\/wordpress\/index.php?rest_route=%2Fwp%2Fv2%2Fcomments&post=930"}],"version-history":[{"count":5,"href":"https:\/\/www.reitverein-roehlingen.de\/html\/wordpress\/index.php?rest_route=\/wp\/v2\/posts\/930\/revisions"}],"predecessor-version":[{"id":1894,"href":"https:\/\/www.reitverein-roehlingen.de\/html\/wordpress\/index.php?rest_route=\/wp\/v2\/posts\/930\/revisions\/1894"}],"wp:attachment":[{"href":"https:\/\/www.reitverein-roehlingen.de\/html\/wordpress\/index.php?rest_route=%2Fwp%2Fv2%2Fmedia&parent=930"}],"wp:term":[{"taxonomy":"category","embeddable":true,"href":"https:\/\/www.reitverein-roehlingen.de\/html\/wordpress\/index.php?rest_route=%2Fwp%2Fv2%2Fcategories&post=930"},{"taxonomy":"post_tag","embeddable":true,"href":"https:\/\/www.reitverein-roehlingen.de\/html\/wordpress\/index.php?rest_route=%2Fwp%2Fv2%2Ftags&post=930"}],"curies":[{"name":"wp","href":"https:\/\/api.w.org\/{rel}","templated":true}]}}