{"id":941,"date":"2011-12-29T06:37:58","date_gmt":"2011-12-29T06:37:58","guid":{"rendered":"http:\/\/www.reitverein-roehlingen.de\/html\/wordpress\/?p=941"},"modified":"2013-01-31T19:27:09","modified_gmt":"2013-01-31T19:27:09","slug":"jahresabschlussfeier-in-erpfental","status":"publish","type":"post","link":"https:\/\/www.reitverein-roehlingen.de\/html\/wordpress\/?p=941","title":{"rendered":"Jahresabschlussfeier in Erpfental"},"content":{"rendered":"R\u00d6HLINGEN\/ ERPFENTAL (db) Der Reit- und Fahrverein R\u00f6hlingen feierte am Mittwoch, 28. Dezember im Gasthaus \"Zur M\u00fchle\" in Erpfental seine Jahresabschlu\u00dffeier. Der erste Vorsitzende Helmut Epacher konnte auf ein ereignisreiches Jahr zur\u00fcckblicken.\r\nEpacher f\u00fchrte den zahlreichen anwesenden Mitgliedern einen R\u00fcckblick auf das Jahr 2011 vor. Besonders hervorzuheben unter den vielen Veranstaltungen waren hier das Jugendwochenende mit Voltigier- und Jugendturnier, das Freispringchampionat und das <a href=\"https:\/\/www.reitverein-roehlingen.de\/html\/wordpress\/?p=941\" class=\"more-link\"> [...]  Weiterlesen<\/a>","protected":false},"excerpt":{"rendered":"<p>R\u00d6HLINGEN\/ ERPFENTAL (db) Der Reit- und Fahrverein R\u00f6hlingen feierte am Mittwoch, 28. Dezember im Gasthaus &#8220;Zur M\u00fchle&#8221; in Erpfental seine Jahresabschlu\u00dffeier. Der erste Vorsitzende Helmut Epacher konnte auf ein ereignisreiches Jahr zur\u00fcckblicken. Epacher f\u00fchrte den zahlreichen anwesenden Mitgliedern einen R\u00fcckblick &hellip; <a href=\"https:\/\/www.reitverein-roehlingen.de\/html\/wordpress\/?p=941\">Weiterlesen <span class=\"meta-nav\">&rarr;<\/span><\/a><\/p>\n","protected":false},"author":2,"featured_media":0,"comment_status":"closed","ping_status":"closed","sticky":false,"template":"","format":"standard","meta":{"footnotes":""},"categories":[19,8],"tags":[],"class_list":["post-941","post","type-post","status-publish","format-standard","hentry","category-chronik","category-vereins-historie"],"_links":{"self":[{"href":"https:\/\/www.reitverein-roehlingen.de\/html\/wordpress\/index.php?rest_route=\/wp\/v2\/posts\/941","targetHints":{"allow":["GET"]}}],"collection":[{"href":"https:\/\/www.reitverein-roehlingen.de\/html\/wordpress\/index.php?rest_route=\/wp\/v2\/posts"}],"about":[{"href":"https:\/\/www.reitverein-roehlingen.de\/html\/wordpress\/index.php?rest_route=\/wp\/v2\/types\/post"}],"author":[{"embeddable":true,"href":"https:\/\/www.reitverein-roehlingen.de\/html\/wordpress\/index.php?rest_route=\/wp\/v2\/users\/2"}],"replies":[{"embeddable":true,"href":"https:\/\/www.reitverein-roehlingen.de\/html\/wordpress\/index.php?rest_route=%2Fwp%2Fv2%2Fcomments&post=941"}],"version-history":[{"count":6,"href":"https:\/\/www.reitverein-roehlingen.de\/html\/wordpress\/index.php?rest_route=\/wp\/v2\/posts\/941\/revisions"}],"predecessor-version":[{"id":3637,"href":"https:\/\/www.reitverein-roehlingen.de\/html\/wordpress\/index.php?rest_route=\/wp\/v2\/posts\/941\/revisions\/3637"}],"wp:attachment":[{"href":"https:\/\/www.reitverein-roehlingen.de\/html\/wordpress\/index.php?rest_route=%2Fwp%2Fv2%2Fmedia&parent=941"}],"wp:term":[{"taxonomy":"category","embeddable":true,"href":"https:\/\/www.reitverein-roehlingen.de\/html\/wordpress\/index.php?rest_route=%2Fwp%2Fv2%2Fcategories&post=941"},{"taxonomy":"post_tag","embeddable":true,"href":"https:\/\/www.reitverein-roehlingen.de\/html\/wordpress\/index.php?rest_route=%2Fwp%2Fv2%2Ftags&post=941"}],"curies":[{"name":"wp","href":"https:\/\/api.w.org\/{rel}","templated":true}]}}