{"id":944,"date":"2011-12-21T07:29:04","date_gmt":"2011-12-21T07:29:04","guid":{"rendered":"http:\/\/www.reitverein-roehlingen.de\/html\/wordpress\/?p=944"},"modified":"2014-08-12T15:13:29","modified_gmt":"2014-08-12T15:13:29","slug":"schneewittchen-bei-regio-tv","status":"publish","type":"post","link":"https:\/\/www.reitverein-roehlingen.de\/html\/wordpress\/?p=944","title":{"rendered":"&#8220;Schneewittchen&#8221; bei Regio-TV"},"content":{"rendered":"Das M\u00e4rchen \"Schneewittchen\" des R\u00f6hlinger Reit- und Fahrvereins fand gro\u00dfen Anklang. Nun wurde das M\u00e4rchen extra f\u00fcr das Fernsehen nochmals aufgef\u00fchrt und wird am 22. Dezember ab 18.00Uhr bei Regio-TV\u00a0gesendet.\r\n\r\nLink zum Film:\u00a0https:\/\/www.regio-tv.de\/video\/172253.html \u00a0(Einfach kopieren und einf\u00fcgen, dann in Ruhe ansehen...)\r\n\r\n\r\n\r\n\r\n\r\n <a href=\"https:\/\/www.reitverein-roehlingen.de\/html\/wordpress\/?p=944\" class=\"more-link\"> [...]  Weiterlesen<\/a>","protected":false},"excerpt":{"rendered":"<p>Das M\u00e4rchen &#8220;Schneewittchen&#8221; des R\u00f6hlinger Reit- und Fahrvereins fand gro\u00dfen Anklang. Nun wurde das M\u00e4rchen extra f\u00fcr das Fernsehen nochmals aufgef\u00fchrt und wird am 22. Dezember ab 18.00Uhr bei Regio-TV\u00a0gesendet. Link zum Film:\u00a0https:\/\/www.regio-tv.de\/video\/172253.html \u00a0(Einfach kopieren und einf\u00fcgen, dann in Ruhe &hellip; <a href=\"https:\/\/www.reitverein-roehlingen.de\/html\/wordpress\/?p=944\">Weiterlesen <span class=\"meta-nav\">&rarr;<\/span><\/a><\/p>\n","protected":false},"author":2,"featured_media":0,"comment_status":"closed","ping_status":"closed","sticky":false,"template":"","format":"standard","meta":{"footnotes":""},"categories":[19,35,8],"tags":[],"class_list":["post-944","post","type-post","status-publish","format-standard","hentry","category-chronik","category-jugend","category-vereins-historie"],"_links":{"self":[{"href":"https:\/\/www.reitverein-roehlingen.de\/html\/wordpress\/index.php?rest_route=\/wp\/v2\/posts\/944","targetHints":{"allow":["GET"]}}],"collection":[{"href":"https:\/\/www.reitverein-roehlingen.de\/html\/wordpress\/index.php?rest_route=\/wp\/v2\/posts"}],"about":[{"href":"https:\/\/www.reitverein-roehlingen.de\/html\/wordpress\/index.php?rest_route=\/wp\/v2\/types\/post"}],"author":[{"embeddable":true,"href":"https:\/\/www.reitverein-roehlingen.de\/html\/wordpress\/index.php?rest_route=\/wp\/v2\/users\/2"}],"replies":[{"embeddable":true,"href":"https:\/\/www.reitverein-roehlingen.de\/html\/wordpress\/index.php?rest_route=%2Fwp%2Fv2%2Fcomments&post=944"}],"version-history":[{"count":10,"href":"https:\/\/www.reitverein-roehlingen.de\/html\/wordpress\/index.php?rest_route=\/wp\/v2\/posts\/944\/revisions"}],"predecessor-version":[{"id":6635,"href":"https:\/\/www.reitverein-roehlingen.de\/html\/wordpress\/index.php?rest_route=\/wp\/v2\/posts\/944\/revisions\/6635"}],"wp:attachment":[{"href":"https:\/\/www.reitverein-roehlingen.de\/html\/wordpress\/index.php?rest_route=%2Fwp%2Fv2%2Fmedia&parent=944"}],"wp:term":[{"taxonomy":"category","embeddable":true,"href":"https:\/\/www.reitverein-roehlingen.de\/html\/wordpress\/index.php?rest_route=%2Fwp%2Fv2%2Fcategories&post=944"},{"taxonomy":"post_tag","embeddable":true,"href":"https:\/\/www.reitverein-roehlingen.de\/html\/wordpress\/index.php?rest_route=%2Fwp%2Fv2%2Ftags&post=944"}],"curies":[{"name":"wp","href":"https:\/\/api.w.org\/{rel}","templated":true}]}}