{"id":949,"date":"2012-03-10T07:33:10","date_gmt":"2012-03-10T07:33:10","guid":{"rendered":"http:\/\/www.reitverein-roehlingen.de\/html\/wordpress\/?p=949"},"modified":"2012-12-02T07:19:42","modified_gmt":"2012-12-02T07:19:42","slug":"jahreshauptversammlung-2","status":"publish","type":"post","link":"https:\/\/www.reitverein-roehlingen.de\/html\/wordpress\/?p=949","title":{"rendered":"Jahreshauptversammlung"},"content":{"rendered":"R\u00d6HLINGEN (db)- Der Reit- und Fahrverein R\u00f6hlingen hat am Freitag, 9. M\u00e4rz, in Erpfental im Gasthaus \u201eZur M\u00fchle\u201c seine Jahreshauptversammlung abgehalten. Der erste Vorsitzende Helmut Epacher konnte auf ein \u201eharmonisches\u201c Jahr zur\u00fcckblicken. Bei den abschlie\u00dfenden Wahlen konnten alle \u00c4mter wieder besetzt werden.\r\nZur Er\u00f6ffnung der Veranstaltung begr\u00fc\u00dfte Epacher die Ehrenmitglieder Otto B\u00fchler und Eugen Haas und den Ortsvorsteher Peter M\u00fcller. Im Rechenschaftsbericht freute sich <a href=\"https:\/\/www.reitverein-roehlingen.de\/html\/wordpress\/?p=949\" class=\"more-link\"> [...]  Weiterlesen<\/a>","protected":false},"excerpt":{"rendered":"<p>R\u00d6HLINGEN (db)- Der Reit- und Fahrverein R\u00f6hlingen hat am Freitag, 9. M\u00e4rz, in Erpfental im Gasthaus \u201eZur M\u00fchle\u201c seine Jahreshauptversammlung abgehalten. Der erste Vorsitzende Helmut Epacher konnte auf ein \u201eharmonisches\u201c Jahr zur\u00fcckblicken. Bei den abschlie\u00dfenden Wahlen konnten alle \u00c4mter wieder &hellip; <a href=\"https:\/\/www.reitverein-roehlingen.de\/html\/wordpress\/?p=949\">Weiterlesen <span class=\"meta-nav\">&rarr;<\/span><\/a><\/p>\n","protected":false},"author":2,"featured_media":0,"comment_status":"closed","ping_status":"closed","sticky":false,"template":"","format":"standard","meta":{"footnotes":""},"categories":[19,8],"tags":[],"class_list":["post-949","post","type-post","status-publish","format-standard","hentry","category-chronik","category-vereins-historie"],"_links":{"self":[{"href":"https:\/\/www.reitverein-roehlingen.de\/html\/wordpress\/index.php?rest_route=\/wp\/v2\/posts\/949","targetHints":{"allow":["GET"]}}],"collection":[{"href":"https:\/\/www.reitverein-roehlingen.de\/html\/wordpress\/index.php?rest_route=\/wp\/v2\/posts"}],"about":[{"href":"https:\/\/www.reitverein-roehlingen.de\/html\/wordpress\/index.php?rest_route=\/wp\/v2\/types\/post"}],"author":[{"embeddable":true,"href":"https:\/\/www.reitverein-roehlingen.de\/html\/wordpress\/index.php?rest_route=\/wp\/v2\/users\/2"}],"replies":[{"embeddable":true,"href":"https:\/\/www.reitverein-roehlingen.de\/html\/wordpress\/index.php?rest_route=%2Fwp%2Fv2%2Fcomments&post=949"}],"version-history":[{"count":7,"href":"https:\/\/www.reitverein-roehlingen.de\/html\/wordpress\/index.php?rest_route=\/wp\/v2\/posts\/949\/revisions"}],"predecessor-version":[{"id":3639,"href":"https:\/\/www.reitverein-roehlingen.de\/html\/wordpress\/index.php?rest_route=\/wp\/v2\/posts\/949\/revisions\/3639"}],"wp:attachment":[{"href":"https:\/\/www.reitverein-roehlingen.de\/html\/wordpress\/index.php?rest_route=%2Fwp%2Fv2%2Fmedia&parent=949"}],"wp:term":[{"taxonomy":"category","embeddable":true,"href":"https:\/\/www.reitverein-roehlingen.de\/html\/wordpress\/index.php?rest_route=%2Fwp%2Fv2%2Fcategories&post=949"},{"taxonomy":"post_tag","embeddable":true,"href":"https:\/\/www.reitverein-roehlingen.de\/html\/wordpress\/index.php?rest_route=%2Fwp%2Fv2%2Ftags&post=949"}],"curies":[{"name":"wp","href":"https:\/\/api.w.org\/{rel}","templated":true}]}}