{"id":953,"date":"2012-05-20T07:35:05","date_gmt":"2012-05-20T07:35:05","guid":{"rendered":"http:\/\/www.reitverein-roehlingen.de\/html\/wordpress\/?p=953"},"modified":"2013-05-12T12:07:23","modified_gmt":"2013-05-12T12:07:23","slug":"blutritt-lippach","status":"publish","type":"post","link":"https:\/\/www.reitverein-roehlingen.de\/html\/wordpress\/?p=953","title":{"rendered":"Blutritt Lippach"},"content":{"rendered":"WESTHAUSEN-LIPPACH (db)- Am Sonntag, 20. Mai fand in Lippach das Heilig-Blut-Fest statt, bei dem es eine Reiterprozession \u00fcber R\u00f6ttingen wieder nach Lippach gab. \u00dcber hundert Reiter nahmen an diesem Blutritt teil. Vertreten war auch der R\u00f6hlinger Reit- und Fahrverein mit sieben Reitern, namentlich Gerd Wiedenh\u00f6fer, Gebhard B\u00fchler, Georg G\u00f6sele, Carina Hohnheiser, Helmut Hohnheiser, Herbert Walter und Gabriele Wolf. Nach einer Reitermesse startete die Prozession, die von Diakon Ricardo Rzesny <a href=\"https:\/\/www.reitverein-roehlingen.de\/html\/wordpress\/?p=953\" class=\"more-link\"> [...]  Weiterlesen<\/a>","protected":false},"excerpt":{"rendered":"<p>WESTHAUSEN-LIPPACH (db)- Am Sonntag, 20. Mai fand in Lippach das Heilig-Blut-Fest statt, bei dem es eine Reiterprozession \u00fcber R\u00f6ttingen wieder nach Lippach gab. \u00dcber hundert Reiter nahmen an diesem Blutritt teil. Vertreten war auch der R\u00f6hlinger Reit- und Fahrverein mit &hellip; <a href=\"https:\/\/www.reitverein-roehlingen.de\/html\/wordpress\/?p=953\">Weiterlesen <span class=\"meta-nav\">&rarr;<\/span><\/a><\/p>\n","protected":false},"author":2,"featured_media":0,"comment_status":"closed","ping_status":"closed","sticky":false,"template":"","format":"standard","meta":{"footnotes":""},"categories":[24,8],"tags":[],"class_list":["post-953","post","type-post","status-publish","format-standard","hentry","category-kirchliche-ritte","category-vereins-historie"],"_links":{"self":[{"href":"https:\/\/www.reitverein-roehlingen.de\/html\/wordpress\/index.php?rest_route=\/wp\/v2\/posts\/953","targetHints":{"allow":["GET"]}}],"collection":[{"href":"https:\/\/www.reitverein-roehlingen.de\/html\/wordpress\/index.php?rest_route=\/wp\/v2\/posts"}],"about":[{"href":"https:\/\/www.reitverein-roehlingen.de\/html\/wordpress\/index.php?rest_route=\/wp\/v2\/types\/post"}],"author":[{"embeddable":true,"href":"https:\/\/www.reitverein-roehlingen.de\/html\/wordpress\/index.php?rest_route=\/wp\/v2\/users\/2"}],"replies":[{"embeddable":true,"href":"https:\/\/www.reitverein-roehlingen.de\/html\/wordpress\/index.php?rest_route=%2Fwp%2Fv2%2Fcomments&post=953"}],"version-history":[{"count":8,"href":"https:\/\/www.reitverein-roehlingen.de\/html\/wordpress\/index.php?rest_route=\/wp\/v2\/posts\/953\/revisions"}],"predecessor-version":[{"id":1455,"href":"https:\/\/www.reitverein-roehlingen.de\/html\/wordpress\/index.php?rest_route=\/wp\/v2\/posts\/953\/revisions\/1455"}],"wp:attachment":[{"href":"https:\/\/www.reitverein-roehlingen.de\/html\/wordpress\/index.php?rest_route=%2Fwp%2Fv2%2Fmedia&parent=953"}],"wp:term":[{"taxonomy":"category","embeddable":true,"href":"https:\/\/www.reitverein-roehlingen.de\/html\/wordpress\/index.php?rest_route=%2Fwp%2Fv2%2Fcategories&post=953"},{"taxonomy":"post_tag","embeddable":true,"href":"https:\/\/www.reitverein-roehlingen.de\/html\/wordpress\/index.php?rest_route=%2Fwp%2Fv2%2Ftags&post=953"}],"curies":[{"name":"wp","href":"https:\/\/api.w.org\/{rel}","templated":true}]}}