{"id":959,"date":"2012-06-07T07:37:23","date_gmt":"2012-06-07T07:37:23","guid":{"rendered":"http:\/\/www.reitverein-roehlingen.de\/html\/wordpress\/?p=959"},"modified":"2013-01-31T19:50:33","modified_gmt":"2013-01-31T19:50:33","slug":"fronleichnam-in-rohlingen","status":"publish","type":"post","link":"https:\/\/www.reitverein-roehlingen.de\/html\/wordpress\/?p=959","title":{"rendered":"Fronleichnam in R\u00f6hlingen"},"content":{"rendered":"ELLWANGEN-R\u00d6HLINGEN (db) Auch in R\u00f6hlingen war, wie in den meisten Ortschaften, Fronleichnamsprozession. Pfarrer Anton Forner wurde auf dieser Prozession von sehr vielen Gl\u00e4ubigen begleitet. Die Prozession wurde mitgestaltet von den Kommunion-Kindern der letzten zwei Jahre, dem Musikverein und dem Kirchenchor sowie von verschiedenen anderen Vereinsstandartenabordnungen. Angef\u00fchrt wurde die Prozession von einer Standartenabordnung des Reit- und Fahrvereins R\u00f6hlingen, bestehend aus Constanze M\u00fcller, <a href=\"https:\/\/www.reitverein-roehlingen.de\/html\/wordpress\/?p=959\" class=\"more-link\"> [...]  Weiterlesen<\/a>","protected":false},"excerpt":{"rendered":"<p>ELLWANGEN-R\u00d6HLINGEN (db) Auch in R\u00f6hlingen war, wie in den meisten Ortschaften, Fronleichnamsprozession. Pfarrer Anton Forner wurde auf dieser Prozession von sehr vielen Gl\u00e4ubigen begleitet. Die Prozession wurde mitgestaltet von den Kommunion-Kindern der letzten zwei Jahre, dem Musikverein und dem Kirchenchor &hellip; <a href=\"https:\/\/www.reitverein-roehlingen.de\/html\/wordpress\/?p=959\">Weiterlesen <span class=\"meta-nav\">&rarr;<\/span><\/a><\/p>\n","protected":false},"author":2,"featured_media":0,"comment_status":"closed","ping_status":"closed","sticky":false,"template":"","format":"standard","meta":{"footnotes":""},"categories":[24,8],"tags":[],"class_list":["post-959","post","type-post","status-publish","format-standard","hentry","category-kirchliche-ritte","category-vereins-historie"],"_links":{"self":[{"href":"https:\/\/www.reitverein-roehlingen.de\/html\/wordpress\/index.php?rest_route=\/wp\/v2\/posts\/959","targetHints":{"allow":["GET"]}}],"collection":[{"href":"https:\/\/www.reitverein-roehlingen.de\/html\/wordpress\/index.php?rest_route=\/wp\/v2\/posts"}],"about":[{"href":"https:\/\/www.reitverein-roehlingen.de\/html\/wordpress\/index.php?rest_route=\/wp\/v2\/types\/post"}],"author":[{"embeddable":true,"href":"https:\/\/www.reitverein-roehlingen.de\/html\/wordpress\/index.php?rest_route=\/wp\/v2\/users\/2"}],"replies":[{"embeddable":true,"href":"https:\/\/www.reitverein-roehlingen.de\/html\/wordpress\/index.php?rest_route=%2Fwp%2Fv2%2Fcomments&post=959"}],"version-history":[{"count":5,"href":"https:\/\/www.reitverein-roehlingen.de\/html\/wordpress\/index.php?rest_route=\/wp\/v2\/posts\/959\/revisions"}],"predecessor-version":[{"id":3644,"href":"https:\/\/www.reitverein-roehlingen.de\/html\/wordpress\/index.php?rest_route=\/wp\/v2\/posts\/959\/revisions\/3644"}],"wp:attachment":[{"href":"https:\/\/www.reitverein-roehlingen.de\/html\/wordpress\/index.php?rest_route=%2Fwp%2Fv2%2Fmedia&parent=959"}],"wp:term":[{"taxonomy":"category","embeddable":true,"href":"https:\/\/www.reitverein-roehlingen.de\/html\/wordpress\/index.php?rest_route=%2Fwp%2Fv2%2Fcategories&post=959"},{"taxonomy":"post_tag","embeddable":true,"href":"https:\/\/www.reitverein-roehlingen.de\/html\/wordpress\/index.php?rest_route=%2Fwp%2Fv2%2Ftags&post=959"}],"curies":[{"name":"wp","href":"https:\/\/api.w.org\/{rel}","templated":true}]}}