{"id":969,"date":"2009-02-09T07:46:25","date_gmt":"2009-02-09T07:46:25","guid":{"rendered":"http:\/\/www.reitverein-roehlingen.de\/html\/wordpress\/?p=969"},"modified":"2012-07-26T20:08:36","modified_gmt":"2012-07-26T20:08:36","slug":"saisonauftakt-der-voltigierer","status":"publish","type":"post","link":"https:\/\/www.reitverein-roehlingen.de\/html\/wordpress\/?p=969","title":{"rendered":"Saisonauftakt der Voltigierer"},"content":{"rendered":"Am letzten Januartag wurde f\u00fcr die R\u00f6hlinger Voltigierer die Turniersaison 2009 eingel\u00e4utet.\r\nDen Minustemperaturen trotzend standen beim 5. Boller Volti Winterfestival in der Turnhalle Wettbewerbe auf dem Holzpferd an.\r\nVormittags startete die Nachwuchsgruppe mit einigen Turnierneulingen und kam im Wettbewerb der A-Gruppen gleich auf Rang vier. Am Start waren Katharina G\u00f6sele, Jana und Tom von Wrangell, Johannes Hohnheiser, Eva und Lena L\u00f6ffelad.\r\nSeinen ersten Einzelstart hatte Johannes Hohnheiser <a href=\"https:\/\/www.reitverein-roehlingen.de\/html\/wordpress\/?p=969\" class=\"more-link\"> [...]  Weiterlesen<\/a>","protected":false},"excerpt":{"rendered":"<p>Am letzten Januartag wurde f\u00fcr die R\u00f6hlinger Voltigierer die Turniersaison 2009 eingel\u00e4utet. Den Minustemperaturen trotzend standen beim 5. Boller Volti Winterfestival in der Turnhalle Wettbewerbe auf dem Holzpferd an. Vormittags startete die Nachwuchsgruppe mit einigen Turnierneulingen und kam im Wettbewerb &hellip; <a href=\"https:\/\/www.reitverein-roehlingen.de\/html\/wordpress\/?p=969\">Weiterlesen <span class=\"meta-nav\">&rarr;<\/span><\/a><\/p>\n","protected":false},"author":2,"featured_media":0,"comment_status":"closed","ping_status":"closed","sticky":false,"template":"","format":"standard","meta":{"footnotes":""},"categories":[19,8,27],"tags":[],"class_list":["post-969","post","type-post","status-publish","format-standard","hentry","category-chronik","category-vereins-historie","category-voltigieren"],"_links":{"self":[{"href":"https:\/\/www.reitverein-roehlingen.de\/html\/wordpress\/index.php?rest_route=\/wp\/v2\/posts\/969","targetHints":{"allow":["GET"]}}],"collection":[{"href":"https:\/\/www.reitverein-roehlingen.de\/html\/wordpress\/index.php?rest_route=\/wp\/v2\/posts"}],"about":[{"href":"https:\/\/www.reitverein-roehlingen.de\/html\/wordpress\/index.php?rest_route=\/wp\/v2\/types\/post"}],"author":[{"embeddable":true,"href":"https:\/\/www.reitverein-roehlingen.de\/html\/wordpress\/index.php?rest_route=\/wp\/v2\/users\/2"}],"replies":[{"embeddable":true,"href":"https:\/\/www.reitverein-roehlingen.de\/html\/wordpress\/index.php?rest_route=%2Fwp%2Fv2%2Fcomments&post=969"}],"version-history":[{"count":4,"href":"https:\/\/www.reitverein-roehlingen.de\/html\/wordpress\/index.php?rest_route=\/wp\/v2\/posts\/969\/revisions"}],"predecessor-version":[{"id":3589,"href":"https:\/\/www.reitverein-roehlingen.de\/html\/wordpress\/index.php?rest_route=\/wp\/v2\/posts\/969\/revisions\/3589"}],"wp:attachment":[{"href":"https:\/\/www.reitverein-roehlingen.de\/html\/wordpress\/index.php?rest_route=%2Fwp%2Fv2%2Fmedia&parent=969"}],"wp:term":[{"taxonomy":"category","embeddable":true,"href":"https:\/\/www.reitverein-roehlingen.de\/html\/wordpress\/index.php?rest_route=%2Fwp%2Fv2%2Fcategories&post=969"},{"taxonomy":"post_tag","embeddable":true,"href":"https:\/\/www.reitverein-roehlingen.de\/html\/wordpress\/index.php?rest_route=%2Fwp%2Fv2%2Ftags&post=969"}],"curies":[{"name":"wp","href":"https:\/\/api.w.org\/{rel}","templated":true}]}}