{"id":971,"date":"2009-02-12T07:47:50","date_gmt":"2009-02-12T07:47:50","guid":{"rendered":"http:\/\/www.reitverein-roehlingen.de\/html\/wordpress\/?p=971"},"modified":"2013-01-31T14:05:48","modified_gmt":"2013-01-31T14:05:48","slug":"rohlinger-farben-vertreten-beim-gaildorfer-pferdemarkt","status":"publish","type":"post","link":"https:\/\/www.reitverein-roehlingen.de\/html\/wordpress\/?p=971","title":{"rendered":"R\u00f6hlinger Farben vertreten beim Gaildorfer Pferdemarkt"},"content":{"rendered":"Nur eine Woche nach den Wettk\u00e4mpfen in Bad Boll, stand bei den Voltis das n\u00e4chste Event auf dem Terminplan.\r\nAnl\u00e4sslich des Showprogramms beim Gaildorfer Pferdemarkt hatten sie einen Auftritt. Der kurze zeitliche Abstand war auch einer der Gr\u00fcnde, warum man sich f\u00fcr ein Schaubild auf dem Holzpferd entschied. Doch auch ohne \"galoppierendes\" Pferd konnten die Voltigierer die Zuschauer mit einer akrobatischen K\u00fcr begeistern.\r\nDa Larissa und Katharina wegen der Faschingsgarde anderweitig verpflichtet <a href=\"https:\/\/www.reitverein-roehlingen.de\/html\/wordpress\/?p=971\" class=\"more-link\"> [...]  Weiterlesen<\/a>","protected":false},"excerpt":{"rendered":"<p>Nur eine Woche nach den Wettk\u00e4mpfen in Bad Boll, stand bei den Voltis das n\u00e4chste Event auf dem Terminplan. Anl\u00e4sslich des Showprogramms beim Gaildorfer Pferdemarkt hatten sie einen Auftritt. Der kurze zeitliche Abstand war auch einer der Gr\u00fcnde, warum man &hellip; <a href=\"https:\/\/www.reitverein-roehlingen.de\/html\/wordpress\/?p=971\">Weiterlesen <span class=\"meta-nav\">&rarr;<\/span><\/a><\/p>\n","protected":false},"author":2,"featured_media":0,"comment_status":"closed","ping_status":"closed","sticky":false,"template":"","format":"standard","meta":{"footnotes":""},"categories":[19,8,27],"tags":[],"class_list":["post-971","post","type-post","status-publish","format-standard","hentry","category-chronik","category-vereins-historie","category-voltigieren"],"_links":{"self":[{"href":"https:\/\/www.reitverein-roehlingen.de\/html\/wordpress\/index.php?rest_route=\/wp\/v2\/posts\/971","targetHints":{"allow":["GET"]}}],"collection":[{"href":"https:\/\/www.reitverein-roehlingen.de\/html\/wordpress\/index.php?rest_route=\/wp\/v2\/posts"}],"about":[{"href":"https:\/\/www.reitverein-roehlingen.de\/html\/wordpress\/index.php?rest_route=\/wp\/v2\/types\/post"}],"author":[{"embeddable":true,"href":"https:\/\/www.reitverein-roehlingen.de\/html\/wordpress\/index.php?rest_route=\/wp\/v2\/users\/2"}],"replies":[{"embeddable":true,"href":"https:\/\/www.reitverein-roehlingen.de\/html\/wordpress\/index.php?rest_route=%2Fwp%2Fv2%2Fcomments&post=971"}],"version-history":[{"count":4,"href":"https:\/\/www.reitverein-roehlingen.de\/html\/wordpress\/index.php?rest_route=\/wp\/v2\/posts\/971\/revisions"}],"predecessor-version":[{"id":3590,"href":"https:\/\/www.reitverein-roehlingen.de\/html\/wordpress\/index.php?rest_route=\/wp\/v2\/posts\/971\/revisions\/3590"}],"wp:attachment":[{"href":"https:\/\/www.reitverein-roehlingen.de\/html\/wordpress\/index.php?rest_route=%2Fwp%2Fv2%2Fmedia&parent=971"}],"wp:term":[{"taxonomy":"category","embeddable":true,"href":"https:\/\/www.reitverein-roehlingen.de\/html\/wordpress\/index.php?rest_route=%2Fwp%2Fv2%2Fcategories&post=971"},{"taxonomy":"post_tag","embeddable":true,"href":"https:\/\/www.reitverein-roehlingen.de\/html\/wordpress\/index.php?rest_route=%2Fwp%2Fv2%2Ftags&post=971"}],"curies":[{"name":"wp","href":"https:\/\/api.w.org\/{rel}","templated":true}]}}