{"id":986,"date":"2010-05-17T08:01:17","date_gmt":"2010-05-17T08:01:17","guid":{"rendered":"http:\/\/www.reitverein-roehlingen.de\/html\/wordpress\/?p=986"},"modified":"2013-01-31T18:37:50","modified_gmt":"2013-01-31T18:37:50","slug":"michel-hat-sich-seinen-hafer-verdient","status":"publish","type":"post","link":"https:\/\/www.reitverein-roehlingen.de\/html\/wordpress\/?p=986","title":{"rendered":"Michel hat sich seinen Hafer verdient"},"content":{"rendered":"Am vergangenen Wochenende begann f\u00fcr die Turniergruppe des Reitvereins die Turniersaison in M\u00f6gglingen gleich mit der ersten Wertung zur Kreismeisterschaft.\r\nBesonders gefragt war Voltigierpferd Michel. Vormittags stand zun\u00e4chst die Pflicht der L-Gruppen auf seinem Tagesplan. Beim ersten Start in dieser Klasse zeigten doch einige Voltigierer Nerven und kassierten Abz\u00fcge. Die K\u00fcr am Nachmittag, bei der man noch auf H\u00f6chstschwierigkeiten verzichtet hatte gelang dann schon wieder routinierter <a href=\"https:\/\/www.reitverein-roehlingen.de\/html\/wordpress\/?p=986\" class=\"more-link\"> [...]  Weiterlesen<\/a>","protected":false},"excerpt":{"rendered":"<p>Am vergangenen Wochenende begann f\u00fcr die Turniergruppe des Reitvereins die Turniersaison in M\u00f6gglingen gleich mit der ersten Wertung zur Kreismeisterschaft. Besonders gefragt war Voltigierpferd Michel. Vormittags stand zun\u00e4chst die Pflicht der L-Gruppen auf seinem Tagesplan. Beim ersten Start in dieser &hellip; <a href=\"https:\/\/www.reitverein-roehlingen.de\/html\/wordpress\/?p=986\">Weiterlesen <span class=\"meta-nav\">&rarr;<\/span><\/a><\/p>\n","protected":false},"author":2,"featured_media":0,"comment_status":"closed","ping_status":"closed","sticky":false,"template":"","format":"standard","meta":{"footnotes":""},"categories":[19,8,27],"tags":[],"class_list":["post-986","post","type-post","status-publish","format-standard","hentry","category-chronik","category-vereins-historie","category-voltigieren"],"_links":{"self":[{"href":"https:\/\/www.reitverein-roehlingen.de\/html\/wordpress\/index.php?rest_route=\/wp\/v2\/posts\/986","targetHints":{"allow":["GET"]}}],"collection":[{"href":"https:\/\/www.reitverein-roehlingen.de\/html\/wordpress\/index.php?rest_route=\/wp\/v2\/posts"}],"about":[{"href":"https:\/\/www.reitverein-roehlingen.de\/html\/wordpress\/index.php?rest_route=\/wp\/v2\/types\/post"}],"author":[{"embeddable":true,"href":"https:\/\/www.reitverein-roehlingen.de\/html\/wordpress\/index.php?rest_route=\/wp\/v2\/users\/2"}],"replies":[{"embeddable":true,"href":"https:\/\/www.reitverein-roehlingen.de\/html\/wordpress\/index.php?rest_route=%2Fwp%2Fv2%2Fcomments&post=986"}],"version-history":[{"count":4,"href":"https:\/\/www.reitverein-roehlingen.de\/html\/wordpress\/index.php?rest_route=\/wp\/v2\/posts\/986\/revisions"}],"predecessor-version":[{"id":3615,"href":"https:\/\/www.reitverein-roehlingen.de\/html\/wordpress\/index.php?rest_route=\/wp\/v2\/posts\/986\/revisions\/3615"}],"wp:attachment":[{"href":"https:\/\/www.reitverein-roehlingen.de\/html\/wordpress\/index.php?rest_route=%2Fwp%2Fv2%2Fmedia&parent=986"}],"wp:term":[{"taxonomy":"category","embeddable":true,"href":"https:\/\/www.reitverein-roehlingen.de\/html\/wordpress\/index.php?rest_route=%2Fwp%2Fv2%2Fcategories&post=986"},{"taxonomy":"post_tag","embeddable":true,"href":"https:\/\/www.reitverein-roehlingen.de\/html\/wordpress\/index.php?rest_route=%2Fwp%2Fv2%2Ftags&post=986"}],"curies":[{"name":"wp","href":"https:\/\/api.w.org\/{rel}","templated":true}]}}