{"id":988,"date":"2010-06-07T08:02:34","date_gmt":"2010-06-07T08:02:34","guid":{"rendered":"http:\/\/www.reitverein-roehlingen.de\/html\/wordpress\/?p=988"},"modified":"2013-01-31T18:39:39","modified_gmt":"2013-01-31T18:39:39","slug":"rohlinger-voltigierer-beim-psk-vergleichswettkampf","status":"publish","type":"post","link":"https:\/\/www.reitverein-roehlingen.de\/html\/wordpress\/?p=988","title":{"rendered":"R\u00f6hlinger Voltigierer beim PSK-Vergleichswettkampf"},"content":{"rendered":"Ohne die R\u00f6hlinger Voltigierer h\u00e4tte es mager ausgesehen beim PSK Vergleichsturnier in Ulm-Wiblingen am 15. und 16.Mai. Obwohl verletzungsbedingt Amelie Grundler auf einen Start im Einzel und Doppel verzichten musste, stellten die R\u00f6hlinger mit einer Gruppe und zwei Einzelvoltigierern den gr\u00f6\u00dften Teil der PSK Mannschaft. Schw\u00e4bisch Gm\u00fcnd und M\u00f6gglingen war gar nicht am Start. Die Z\u00f6binger M**-Gruppe fiel verletzungsbedingt aus. Zwei weitere Einzel aus Z\u00f6bingen komplettierten die Mannschaft.\r\nLeider <a href=\"https:\/\/www.reitverein-roehlingen.de\/html\/wordpress\/?p=988\" class=\"more-link\"> [...]  Weiterlesen<\/a>","protected":false},"excerpt":{"rendered":"<p>Ohne die R\u00f6hlinger Voltigierer h\u00e4tte es mager ausgesehen beim PSK Vergleichsturnier in Ulm-Wiblingen am 15. und 16.Mai. Obwohl verletzungsbedingt Amelie Grundler auf einen Start im Einzel und Doppel verzichten musste, stellten die R\u00f6hlinger mit einer Gruppe und zwei Einzelvoltigierern den &hellip; <a href=\"https:\/\/www.reitverein-roehlingen.de\/html\/wordpress\/?p=988\">Weiterlesen <span class=\"meta-nav\">&rarr;<\/span><\/a><\/p>\n","protected":false},"author":2,"featured_media":0,"comment_status":"closed","ping_status":"closed","sticky":false,"template":"","format":"standard","meta":{"footnotes":""},"categories":[19,8,27],"tags":[],"class_list":["post-988","post","type-post","status-publish","format-standard","hentry","category-chronik","category-vereins-historie","category-voltigieren"],"_links":{"self":[{"href":"https:\/\/www.reitverein-roehlingen.de\/html\/wordpress\/index.php?rest_route=\/wp\/v2\/posts\/988","targetHints":{"allow":["GET"]}}],"collection":[{"href":"https:\/\/www.reitverein-roehlingen.de\/html\/wordpress\/index.php?rest_route=\/wp\/v2\/posts"}],"about":[{"href":"https:\/\/www.reitverein-roehlingen.de\/html\/wordpress\/index.php?rest_route=\/wp\/v2\/types\/post"}],"author":[{"embeddable":true,"href":"https:\/\/www.reitverein-roehlingen.de\/html\/wordpress\/index.php?rest_route=\/wp\/v2\/users\/2"}],"replies":[{"embeddable":true,"href":"https:\/\/www.reitverein-roehlingen.de\/html\/wordpress\/index.php?rest_route=%2Fwp%2Fv2%2Fcomments&post=988"}],"version-history":[{"count":6,"href":"https:\/\/www.reitverein-roehlingen.de\/html\/wordpress\/index.php?rest_route=\/wp\/v2\/posts\/988\/revisions"}],"predecessor-version":[{"id":3619,"href":"https:\/\/www.reitverein-roehlingen.de\/html\/wordpress\/index.php?rest_route=\/wp\/v2\/posts\/988\/revisions\/3619"}],"wp:attachment":[{"href":"https:\/\/www.reitverein-roehlingen.de\/html\/wordpress\/index.php?rest_route=%2Fwp%2Fv2%2Fmedia&parent=988"}],"wp:term":[{"taxonomy":"category","embeddable":true,"href":"https:\/\/www.reitverein-roehlingen.de\/html\/wordpress\/index.php?rest_route=%2Fwp%2Fv2%2Fcategories&post=988"},{"taxonomy":"post_tag","embeddable":true,"href":"https:\/\/www.reitverein-roehlingen.de\/html\/wordpress\/index.php?rest_route=%2Fwp%2Fv2%2Ftags&post=988"}],"curies":[{"name":"wp","href":"https:\/\/api.w.org\/{rel}","templated":true}]}}