{"id":994,"date":"2010-10-18T08:07:03","date_gmt":"2010-10-18T08:07:03","guid":{"rendered":"http:\/\/www.reitverein-roehlingen.de\/html\/wordpress\/?p=994"},"modified":"2013-01-31T18:48:12","modified_gmt":"2013-01-31T18:48:12","slug":"so-sehn-sieger-aus","status":"publish","type":"post","link":"https:\/\/www.reitverein-roehlingen.de\/html\/wordpress\/?p=994","title":{"rendered":"So sehn Sieger aus"},"content":{"rendered":"Beim zweiten Start der R\u00f6hlinger Nachwuchsgruppe beim Voltitag in Lauterstein konnten sie den Sieg von Schw\u00e4bisch Gm\u00fcnd zwar nicht wiederholen. Mit einer deutlichen Steigerung und nur wenig Abstand konnte man sich in einem gro\u00dfen Starterfeld \u00fcber den zweiten Platz aber dennoch freuen. Es voltigierten: Elena Hoffmann, Franziska Stengel, Franziska Lechner, Constanze Stengel und Evi Grundler, mit ihren Trainerinnen Larissa und Katharina G\u00f6sele und Farello.\r\nBeim Voltiturnier in K\u00f6ngen eine Woche <a href=\"https:\/\/www.reitverein-roehlingen.de\/html\/wordpress\/?p=994\" class=\"more-link\"> [...]  Weiterlesen<\/a>","protected":false},"excerpt":{"rendered":"<p>Beim zweiten Start der R\u00f6hlinger Nachwuchsgruppe beim Voltitag in Lauterstein konnten sie den Sieg von Schw\u00e4bisch Gm\u00fcnd zwar nicht wiederholen. Mit einer deutlichen Steigerung und nur wenig Abstand konnte man sich in einem gro\u00dfen Starterfeld \u00fcber den zweiten Platz aber &hellip; <a href=\"https:\/\/www.reitverein-roehlingen.de\/html\/wordpress\/?p=994\">Weiterlesen <span class=\"meta-nav\">&rarr;<\/span><\/a><\/p>\n","protected":false},"author":2,"featured_media":0,"comment_status":"closed","ping_status":"closed","sticky":false,"template":"","format":"standard","meta":{"footnotes":""},"categories":[19,8,27],"tags":[],"class_list":["post-994","post","type-post","status-publish","format-standard","hentry","category-chronik","category-vereins-historie","category-voltigieren"],"_links":{"self":[{"href":"https:\/\/www.reitverein-roehlingen.de\/html\/wordpress\/index.php?rest_route=\/wp\/v2\/posts\/994","targetHints":{"allow":["GET"]}}],"collection":[{"href":"https:\/\/www.reitverein-roehlingen.de\/html\/wordpress\/index.php?rest_route=\/wp\/v2\/posts"}],"about":[{"href":"https:\/\/www.reitverein-roehlingen.de\/html\/wordpress\/index.php?rest_route=\/wp\/v2\/types\/post"}],"author":[{"embeddable":true,"href":"https:\/\/www.reitverein-roehlingen.de\/html\/wordpress\/index.php?rest_route=\/wp\/v2\/users\/2"}],"replies":[{"embeddable":true,"href":"https:\/\/www.reitverein-roehlingen.de\/html\/wordpress\/index.php?rest_route=%2Fwp%2Fv2%2Fcomments&post=994"}],"version-history":[{"count":5,"href":"https:\/\/www.reitverein-roehlingen.de\/html\/wordpress\/index.php?rest_route=\/wp\/v2\/posts\/994\/revisions"}],"predecessor-version":[{"id":2204,"href":"https:\/\/www.reitverein-roehlingen.de\/html\/wordpress\/index.php?rest_route=\/wp\/v2\/posts\/994\/revisions\/2204"}],"wp:attachment":[{"href":"https:\/\/www.reitverein-roehlingen.de\/html\/wordpress\/index.php?rest_route=%2Fwp%2Fv2%2Fmedia&parent=994"}],"wp:term":[{"taxonomy":"category","embeddable":true,"href":"https:\/\/www.reitverein-roehlingen.de\/html\/wordpress\/index.php?rest_route=%2Fwp%2Fv2%2Fcategories&post=994"},{"taxonomy":"post_tag","embeddable":true,"href":"https:\/\/www.reitverein-roehlingen.de\/html\/wordpress\/index.php?rest_route=%2Fwp%2Fv2%2Ftags&post=994"}],"curies":[{"name":"wp","href":"https:\/\/api.w.org\/{rel}","templated":true}]}}